{"id":27457,"date":"2016-12-19T17:48:38","date_gmt":"2016-12-19T17:48:38","guid":{"rendered":"http:\/\/osepmendoza.com.ar\/web\/?p=27457"},"modified":"2018-12-17T11:52:30","modified_gmt":"2018-12-17T14:52:30","slug":"comenzo-el-verano-saludable-al-aire-libre-de-osep","status":"publish","type":"post","link":"https:\/\/osepmendoza.com.ar\/web\/comenzo-el-verano-saludable-al-aire-libre-de-osep\/","title":{"rendered":"Comenz\u00f3 el Verano saludable al aire libre de OSEP"},"content":{"rendered":"<p><span style=\"font-family: Arial,sans-serif;\"><b>Alrededor de 150 chicos dieron comienzo al programa \u201cVerano saludable al aire libre\u201d de OSEP, promovido por la Direcci\u00f3n de Atenci\u00f3n Primaria. En compa\u00f1\u00eda de profesores de Educaci\u00f3n F\u00edsica y profesionales de la salud realizaron actividades de recreaci\u00f3n, iniciaci\u00f3n deportiva y adaptaci\u00f3n acu\u00e1tica.<\/b><\/span><\/p>\n<p><span style=\"font-family: Arial,sans-serif;\"><b>El ciclo <\/b><\/span><span style=\"font-family: Arial,sans-serif;\"><b>se extender\u00e1 hasta el 11 de febrero en los clubes APERBUCI, de Guaymall\u00e9n y Banco Mendoza, en Luj\u00e1n de Cuyo. <\/b><\/span><\/p>\n<p><a href=\"http:\/\/osepmendoza.com.ar\/web\/wp-content\/uploads\/2016\/12\/foto24.jpg\"><img loading=\"lazy\" decoding=\"async\" class=\"alignnone size-full wp-image-27458\" src=\"http:\/\/osepmendoza.com.ar\/web\/wp-content\/uploads\/2016\/12\/foto24.jpg\" alt=\"foto2\" width=\"1280\" height=\"720\" \/><\/a><\/p>\n<p><span style=\"font-family: Arial,sans-serif;\">Hoy comenzaron las actividades de verano para m\u00e1s de un centenar de chicos en OSEP que asisten, de 9 a 12.30, a los clubes APERBUCI, ubicado en Maure 746, El Bermejo, Guaymall\u00e9n y Banco Mendoza, \u00c1lzaga y Liniers, de Chacras de Coria. <\/span><\/p>\n<p><span style=\"font-family: Arial,sans-serif;\">All\u00ed se encuentran realizando actividades deportivas, saludables, educativas y acu\u00e1ticas, a carg<\/span><span style=\"font-family: Arial,sans-serif;\">o de un grupo de profesores de Educaci\u00f3n F\u00edsica. El objetivo de la Obra Social es brindarles un verano sano y con muchos amigos.<\/span><\/p>\n<p><span style=\"font-family: Arial,sans-serif;\">Cabe destacar que, durante el ciclo, profesionales de la salud les realizar\u00e1n controles m\u00e9dicos para que sean derivados en caso de presentar alguna patolog\u00eda. Adem\u00e1s se realizar\u00e1n encuentros de h\u00e1bitos saludables, prevenci\u00f3n y promoci\u00f3n de la salud.<\/span><\/p>\n<p><a href=\"http:\/\/osepmendoza.com.ar\/web\/wp-content\/uploads\/2016\/12\/foto16.jpg\"><img loading=\"lazy\" decoding=\"async\" class=\"alignnone size-full wp-image-27459\" src=\"http:\/\/osepmendoza.com.ar\/web\/wp-content\/uploads\/2016\/12\/foto16.jpg\" alt=\"foto1\" width=\"1280\" height=\"720\" \/><\/a><\/p>\n<p><span style=\"font-family: Arial,sans-serif;\"><b>Inscripciones vigentes<\/b><\/span><\/p>\n<p><span style=\"font-family: Arial,sans-serif;\">Si bien<\/span><span style=\"font-family: Arial,sans-serif;\"> las actividades comenzaron hoy, la inscripci\u00f3n se extender\u00e1 hasta el 30 de diciembre, de lunes a viernes, de 8 a 15, en el primer piso del edificio Xeltahuina, Salta 877, Ciudad.<\/span><\/p>\n<p><span style=\"font-family: Arial,sans-serif;\">Con respecto a los precios, OSEP ha dispuesto un listado con grandes beneficios para los grupos familiares:<\/span><\/p>\n<p>\u2013 <span style=\"font-family: Arial,sans-serif;\">Primer hijo: 2500 pesos<br \/>\n\u2013 Segundo hijo: 2000 pesos<br \/>\n\u2013 A partir del tercer hijo: 1000 pesos.<\/span><\/p>\n<p><a href=\"http:\/\/osepmendoza.com.ar\/web\/wp-content\/uploads\/2016\/12\/foto9.jpg\"><img loading=\"lazy\" decoding=\"async\" class=\"alignnone size-full wp-image-27460\" src=\"http:\/\/osepmendoza.com.ar\/web\/wp-content\/uploads\/2016\/12\/foto9.jpg\" alt=\"foto9\" width=\"1280\" height=\"720\" \/><\/a><\/p>\n<p><span style=\"font-family: Arial,sans-serif;\"><b>Facilidades de pago<\/b><\/span><\/p>\n<p><span style=\"font-family: Arial,sans-serif;\">El pago se puede realizar a trav\u00e9s de descuento por bono, en seis pagos. Para ello, los afiliados titulares deben <\/span><span style=\"font-family: Arial,sans-serif;\">concurrir con Documento Nacional de Identidad y Bono de Sueldo y, en caso de ser afiliado titular contratado, planta temporaria, docente reemplazante, jubilado en tr\u00e1mite o afiliado voluntario, deber\u00e1 presentar original y copia de DNI, Bono de Sueldo o cuota afiliatoria pagada al d\u00eda e impuesto o servicio a nombre del titular. Cabe aclarar que el \u00fanico autorizado a realizar la financiaci\u00f3n es el afiliado titular de la Obra Social.<\/span><\/p>\n<p><span style=\"font-family: Arial,sans-serif;\">Por \u00faltimo vale destacar que, a partir de la inscripci\u00f3n, los chicos reciben remera, sombrero, mochila y cuaderno de comunicaciones, para que el profesor tenga contacto permanente con los padres.<\/span><\/p>\n<p><a href=\"http:\/\/osepmendoza.com.ar\/web\/wp-content\/uploads\/2016\/12\/foto10.jpg\"><img loading=\"lazy\" decoding=\"async\" class=\"alignnone size-full wp-image-27461\" src=\"http:\/\/osepmendoza.com.ar\/web\/wp-content\/uploads\/2016\/12\/foto10.jpg\" alt=\"foto10\" width=\"1280\" height=\"719\" \/><\/a><\/p>\n<p><strong><span style=\"font-family: Arial,sans-serif;\">M\u00e1s Informaci\u00f3n<\/span><\/strong><span style=\"font-family: Arial,sans-serif;\"><br \/>\nSalud + Recreaci\u00f3n, Salta 877, Ciudad<br \/>\nTel\u00e9fono: 4419245<\/span><\/p>\n","protected":false},"excerpt":{"rendered":"<p>Alrededor de 150 chicos dieron comienzo al programa \u201cVerano saludable&#8230;<\/p>\n","protected":false},"author":12,"featured_media":0,"comment_status":"closed","ping_status":"closed","sticky":false,"template":"","format":"standard","meta":{"_acf_changed":false,"inline_featured_image":false,"_exactmetrics_skip_tracking":false,"_exactmetrics_sitenote_active":false,"_exactmetrics_sitenote_note":"","_exactmetrics_sitenote_category":0,"footnotes":"","_links_to":"","_links_to_target":""},"categories":[101],"tags":[],"class_list":["post-27457","post","type-post","status-publish","format-standard","hentry","category-noticias"],"acf":[],"yoast_head":"<!-- This site is optimized with the Yoast SEO plugin v27.4 - https:\/\/yoast.com\/product\/yoast-seo-wordpress\/ -->\n<title>Comenz\u00f3 el Verano saludable al aire libre de OSEP - OSEP Mendoza<\/title>\n<meta name=\"robots\" content=\"index, follow, max-snippet:-1, max-image-preview:large, max-video-preview:-1\" \/>\n<link rel=\"canonical\" href=\"https:\/\/osepmendoza.com.ar\/web\/comenzo-el-verano-saludable-al-aire-libre-de-osep\/\" \/>\n<meta property=\"og:locale\" content=\"es_ES\" \/>\n<meta property=\"og:type\" content=\"article\" \/>\n<meta property=\"og:title\" content=\"Comenz\u00f3 el Verano saludable al aire libre de OSEP - OSEP Mendoza\" \/>\n<meta property=\"og:description\" content=\"Alrededor de 150 chicos dieron comienzo al programa \u201cVerano saludable...\" \/>\n<meta property=\"og:url\" content=\"https:\/\/osepmendoza.com.ar\/web\/comenzo-el-verano-saludable-al-aire-libre-de-osep\/\" \/>\n<meta property=\"og:site_name\" content=\"OSEP Mendoza\" \/>\n<meta property=\"article:publisher\" content=\"https:\/\/www.facebook.com\/OSEP.MendozaArg\/\" \/>\n<meta property=\"article:published_time\" content=\"2016-12-19T17:48:38+00:00\" \/>\n<meta property=\"article:modified_time\" content=\"2018-12-17T14:52:30+00:00\" \/>\n<meta property=\"og:image\" content=\"http:\/\/osepmendoza.com.ar\/web\/wp-content\/uploads\/2016\/12\/foto24.jpg\" \/>\n<meta name=\"author\" content=\"Sebastian Fernandez\" \/>\n<meta name=\"twitter:card\" content=\"summary_large_image\" \/>\n<meta name=\"twitter:creator\" content=\"@OsepMza\" \/>\n<meta name=\"twitter:site\" content=\"@OsepMza\" \/>\n<meta name=\"twitter:label1\" content=\"Escrito por\" \/>\n\t<meta name=\"twitter:data1\" content=\"Sebastian Fernandez\" \/>\n\t<meta name=\"twitter:label2\" content=\"Tiempo de lectura\" \/>\n\t<meta name=\"twitter:data2\" content=\"2 minutos\" \/>\n<script type=\"application\/ld+json\" class=\"yoast-schema-graph\">{\"@context\":\"https:\\\/\\\/schema.org\",\"@graph\":[{\"@type\":\"Article\",\"@id\":\"https:\\\/\\\/osepmendoza.com.ar\\\/web\\\/comenzo-el-verano-saludable-al-aire-libre-de-osep\\\/#article\",\"isPartOf\":{\"@id\":\"https:\\\/\\\/osepmendoza.com.ar\\\/web\\\/comenzo-el-verano-saludable-al-aire-libre-de-osep\\\/\"},\"author\":{\"name\":\"Sebastian Fernandez\",\"@id\":\"https:\\\/\\\/osepmendoza.com.ar\\\/web\\\/#\\\/schema\\\/person\\\/90986df7128a51e32bb66102fc247eb2\"},\"headline\":\"Comenz\u00f3 el Verano saludable al aire libre de OSEP\",\"datePublished\":\"2016-12-19T17:48:38+00:00\",\"dateModified\":\"2018-12-17T14:52:30+00:00\",\"mainEntityOfPage\":{\"@id\":\"https:\\\/\\\/osepmendoza.com.ar\\\/web\\\/comenzo-el-verano-saludable-al-aire-libre-de-osep\\\/\"},\"wordCount\":408,\"publisher\":{\"@id\":\"https:\\\/\\\/osepmendoza.com.ar\\\/web\\\/#organization\"},\"image\":{\"@id\":\"https:\\\/\\\/osepmendoza.com.ar\\\/web\\\/comenzo-el-verano-saludable-al-aire-libre-de-osep\\\/#primaryimage\"},\"thumbnailUrl\":\"http:\\\/\\\/osepmendoza.com.ar\\\/web\\\/wp-content\\\/uploads\\\/2016\\\/12\\\/foto24.jpg\",\"articleSection\":[\"Noticias\"],\"inLanguage\":\"es\"},{\"@type\":\"WebPage\",\"@id\":\"https:\\\/\\\/osepmendoza.com.ar\\\/web\\\/comenzo-el-verano-saludable-al-aire-libre-de-osep\\\/\",\"url\":\"https:\\\/\\\/osepmendoza.com.ar\\\/web\\\/comenzo-el-verano-saludable-al-aire-libre-de-osep\\\/\",\"name\":\"Comenz\u00f3 el Verano saludable al aire libre de OSEP - OSEP Mendoza\",\"isPartOf\":{\"@id\":\"https:\\\/\\\/osepmendoza.com.ar\\\/web\\\/#website\"},\"primaryImageOfPage\":{\"@id\":\"https:\\\/\\\/osepmendoza.com.ar\\\/web\\\/comenzo-el-verano-saludable-al-aire-libre-de-osep\\\/#primaryimage\"},\"image\":{\"@id\":\"https:\\\/\\\/osepmendoza.com.ar\\\/web\\\/comenzo-el-verano-saludable-al-aire-libre-de-osep\\\/#primaryimage\"},\"thumbnailUrl\":\"http:\\\/\\\/osepmendoza.com.ar\\\/web\\\/wp-content\\\/uploads\\\/2016\\\/12\\\/foto24.jpg\",\"datePublished\":\"2016-12-19T17:48:38+00:00\",\"dateModified\":\"2018-12-17T14:52:30+00:00\",\"breadcrumb\":{\"@id\":\"https:\\\/\\\/osepmendoza.com.ar\\\/web\\\/comenzo-el-verano-saludable-al-aire-libre-de-osep\\\/#breadcrumb\"},\"inLanguage\":\"es\",\"potentialAction\":[{\"@type\":\"ReadAction\",\"target\":[\"https:\\\/\\\/osepmendoza.com.ar\\\/web\\\/comenzo-el-verano-saludable-al-aire-libre-de-osep\\\/\"]}]},{\"@type\":\"ImageObject\",\"inLanguage\":\"es\",\"@id\":\"https:\\\/\\\/osepmendoza.com.ar\\\/web\\\/comenzo-el-verano-saludable-al-aire-libre-de-osep\\\/#primaryimage\",\"url\":\"http:\\\/\\\/osepmendoza.com.ar\\\/web\\\/wp-content\\\/uploads\\\/2016\\\/12\\\/foto24.jpg\",\"contentUrl\":\"http:\\\/\\\/osepmendoza.com.ar\\\/web\\\/wp-content\\\/uploads\\\/2016\\\/12\\\/foto24.jpg\"},{\"@type\":\"BreadcrumbList\",\"@id\":\"https:\\\/\\\/osepmendoza.com.ar\\\/web\\\/comenzo-el-verano-saludable-al-aire-libre-de-osep\\\/#breadcrumb\",\"itemListElement\":[{\"@type\":\"ListItem\",\"position\":1,\"name\":\"Portada\",\"item\":\"https:\\\/\\\/osepmendoza.com.ar\\\/web\\\/\"},{\"@type\":\"ListItem\",\"position\":2,\"name\":\"Comenz\u00f3 el Verano saludable al aire libre de OSEP\"}]},{\"@type\":\"WebSite\",\"@id\":\"https:\\\/\\\/osepmendoza.com.ar\\\/web\\\/#website\",\"url\":\"https:\\\/\\\/osepmendoza.com.ar\\\/web\\\/\",\"name\":\"OSEP Mendoza\",\"description\":\"Obra Social de los Empleados P\u00fablicos de Mendoza\",\"publisher\":{\"@id\":\"https:\\\/\\\/osepmendoza.com.ar\\\/web\\\/#organization\"},\"potentialAction\":[{\"@type\":\"SearchAction\",\"target\":{\"@type\":\"EntryPoint\",\"urlTemplate\":\"https:\\\/\\\/osepmendoza.com.ar\\\/web\\\/?s={search_term_string}\"},\"query-input\":{\"@type\":\"PropertyValueSpecification\",\"valueRequired\":true,\"valueName\":\"search_term_string\"}}],\"inLanguage\":\"es\"},{\"@type\":\"Organization\",\"@id\":\"https:\\\/\\\/osepmendoza.com.ar\\\/web\\\/#organization\",\"name\":\"OSEP - Obra Social de Empleados P\u00fablicos de Mendoza\",\"url\":\"https:\\\/\\\/osepmendoza.com.ar\\\/web\\\/\",\"logo\":{\"@type\":\"ImageObject\",\"inLanguage\":\"es\",\"@id\":\"https:\\\/\\\/osepmendoza.com.ar\\\/web\\\/#\\\/schema\\\/logo\\\/image\\\/\",\"url\":\"https:\\\/\\\/osepmendoza.com.ar\\\/web\\\/wp-content\\\/uploads\\\/2020\\\/04\\\/lkTM9T9z.jpg\",\"contentUrl\":\"https:\\\/\\\/osepmendoza.com.ar\\\/web\\\/wp-content\\\/uploads\\\/2020\\\/04\\\/lkTM9T9z.jpg\",\"width\":334,\"height\":334,\"caption\":\"OSEP - Obra Social de Empleados P\u00fablicos de Mendoza\"},\"image\":{\"@id\":\"https:\\\/\\\/osepmendoza.com.ar\\\/web\\\/#\\\/schema\\\/logo\\\/image\\\/\"},\"sameAs\":[\"https:\\\/\\\/www.facebook.com\\\/OSEP.MendozaArg\\\/\",\"https:\\\/\\\/x.com\\\/OsepMza\",\"https:\\\/\\\/www.instagram.com\\\/osep.mendoza\\\/\",\"https:\\\/\\\/www.youtube.com\\\/user\\\/osepvideos\"]},{\"@type\":\"Person\",\"@id\":\"https:\\\/\\\/osepmendoza.com.ar\\\/web\\\/#\\\/schema\\\/person\\\/90986df7128a51e32bb66102fc247eb2\",\"name\":\"Sebastian Fernandez\",\"image\":{\"@type\":\"ImageObject\",\"inLanguage\":\"es\",\"@id\":\"https:\\\/\\\/secure.gravatar.com\\\/avatar\\\/cc42d53caabe846896e06ed8955a60e82b2b829babcb731f86f26c42378bcfec?s=96&d=mm&r=g\",\"url\":\"https:\\\/\\\/secure.gravatar.com\\\/avatar\\\/cc42d53caabe846896e06ed8955a60e82b2b829babcb731f86f26c42378bcfec?s=96&d=mm&r=g\",\"contentUrl\":\"https:\\\/\\\/secure.gravatar.com\\\/avatar\\\/cc42d53caabe846896e06ed8955a60e82b2b829babcb731f86f26c42378bcfec?s=96&d=mm&r=g\",\"caption\":\"Sebastian Fernandez\"},\"sameAs\":[\"http:\\\/\\\/osepmendoza.com.ar\\\/web\"]}]}<\/script>\n<!-- \/ Yoast SEO plugin. -->","yoast_head_json":{"title":"Comenz\u00f3 el Verano saludable al aire libre de OSEP - OSEP Mendoza","robots":{"index":"index","follow":"follow","max-snippet":"max-snippet:-1","max-image-preview":"max-image-preview:large","max-video-preview":"max-video-preview:-1"},"canonical":"https:\/\/osepmendoza.com.ar\/web\/comenzo-el-verano-saludable-al-aire-libre-de-osep\/","og_locale":"es_ES","og_type":"article","og_title":"Comenz\u00f3 el Verano saludable al aire libre de OSEP - OSEP Mendoza","og_description":"Alrededor de 150 chicos dieron comienzo al programa \u201cVerano saludable...","og_url":"https:\/\/osepmendoza.com.ar\/web\/comenzo-el-verano-saludable-al-aire-libre-de-osep\/","og_site_name":"OSEP Mendoza","article_publisher":"https:\/\/www.facebook.com\/OSEP.MendozaArg\/","article_published_time":"2016-12-19T17:48:38+00:00","article_modified_time":"2018-12-17T14:52:30+00:00","og_image":[{"url":"http:\/\/osepmendoza.com.ar\/web\/wp-content\/uploads\/2016\/12\/foto24.jpg","type":"","width":"","height":""}],"author":"Sebastian Fernandez","twitter_card":"summary_large_image","twitter_creator":"@OsepMza","twitter_site":"@OsepMza","twitter_misc":{"Escrito por":"Sebastian Fernandez","Tiempo de lectura":"2 minutos"},"schema":{"@context":"https:\/\/schema.org","@graph":[{"@type":"Article","@id":"https:\/\/osepmendoza.com.ar\/web\/comenzo-el-verano-saludable-al-aire-libre-de-osep\/#article","isPartOf":{"@id":"https:\/\/osepmendoza.com.ar\/web\/comenzo-el-verano-saludable-al-aire-libre-de-osep\/"},"author":{"name":"Sebastian Fernandez","@id":"https:\/\/osepmendoza.com.ar\/web\/#\/schema\/person\/90986df7128a51e32bb66102fc247eb2"},"headline":"Comenz\u00f3 el Verano saludable al aire libre de OSEP","datePublished":"2016-12-19T17:48:38+00:00","dateModified":"2018-12-17T14:52:30+00:00","mainEntityOfPage":{"@id":"https:\/\/osepmendoza.com.ar\/web\/comenzo-el-verano-saludable-al-aire-libre-de-osep\/"},"wordCount":408,"publisher":{"@id":"https:\/\/osepmendoza.com.ar\/web\/#organization"},"image":{"@id":"https:\/\/osepmendoza.com.ar\/web\/comenzo-el-verano-saludable-al-aire-libre-de-osep\/#primaryimage"},"thumbnailUrl":"http:\/\/osepmendoza.com.ar\/web\/wp-content\/uploads\/2016\/12\/foto24.jpg","articleSection":["Noticias"],"inLanguage":"es"},{"@type":"WebPage","@id":"https:\/\/osepmendoza.com.ar\/web\/comenzo-el-verano-saludable-al-aire-libre-de-osep\/","url":"https:\/\/osepmendoza.com.ar\/web\/comenzo-el-verano-saludable-al-aire-libre-de-osep\/","name":"Comenz\u00f3 el Verano saludable al aire libre de OSEP - OSEP Mendoza","isPartOf":{"@id":"https:\/\/osepmendoza.com.ar\/web\/#website"},"primaryImageOfPage":{"@id":"https:\/\/osepmendoza.com.ar\/web\/comenzo-el-verano-saludable-al-aire-libre-de-osep\/#primaryimage"},"image":{"@id":"https:\/\/osepmendoza.com.ar\/web\/comenzo-el-verano-saludable-al-aire-libre-de-osep\/#primaryimage"},"thumbnailUrl":"http:\/\/osepmendoza.com.ar\/web\/wp-content\/uploads\/2016\/12\/foto24.jpg","datePublished":"2016-12-19T17:48:38+00:00","dateModified":"2018-12-17T14:52:30+00:00","breadcrumb":{"@id":"https:\/\/osepmendoza.com.ar\/web\/comenzo-el-verano-saludable-al-aire-libre-de-osep\/#breadcrumb"},"inLanguage":"es","potentialAction":[{"@type":"ReadAction","target":["https:\/\/osepmendoza.com.ar\/web\/comenzo-el-verano-saludable-al-aire-libre-de-osep\/"]}]},{"@type":"ImageObject","inLanguage":"es","@id":"https:\/\/osepmendoza.com.ar\/web\/comenzo-el-verano-saludable-al-aire-libre-de-osep\/#primaryimage","url":"http:\/\/osepmendoza.com.ar\/web\/wp-content\/uploads\/2016\/12\/foto24.jpg","contentUrl":"http:\/\/osepmendoza.com.ar\/web\/wp-content\/uploads\/2016\/12\/foto24.jpg"},{"@type":"BreadcrumbList","@id":"https:\/\/osepmendoza.com.ar\/web\/comenzo-el-verano-saludable-al-aire-libre-de-osep\/#breadcrumb","itemListElement":[{"@type":"ListItem","position":1,"name":"Portada","item":"https:\/\/osepmendoza.com.ar\/web\/"},{"@type":"ListItem","position":2,"name":"Comenz\u00f3 el Verano saludable al aire libre de OSEP"}]},{"@type":"WebSite","@id":"https:\/\/osepmendoza.com.ar\/web\/#website","url":"https:\/\/osepmendoza.com.ar\/web\/","name":"OSEP Mendoza","description":"Obra Social de los Empleados P\u00fablicos de Mendoza","publisher":{"@id":"https:\/\/osepmendoza.com.ar\/web\/#organization"},"potentialAction":[{"@type":"SearchAction","target":{"@type":"EntryPoint","urlTemplate":"https:\/\/osepmendoza.com.ar\/web\/?s={search_term_string}"},"query-input":{"@type":"PropertyValueSpecification","valueRequired":true,"valueName":"search_term_string"}}],"inLanguage":"es"},{"@type":"Organization","@id":"https:\/\/osepmendoza.com.ar\/web\/#organization","name":"OSEP - Obra Social de Empleados P\u00fablicos de Mendoza","url":"https:\/\/osepmendoza.com.ar\/web\/","logo":{"@type":"ImageObject","inLanguage":"es","@id":"https:\/\/osepmendoza.com.ar\/web\/#\/schema\/logo\/image\/","url":"https:\/\/osepmendoza.com.ar\/web\/wp-content\/uploads\/2020\/04\/lkTM9T9z.jpg","contentUrl":"https:\/\/osepmendoza.com.ar\/web\/wp-content\/uploads\/2020\/04\/lkTM9T9z.jpg","width":334,"height":334,"caption":"OSEP - Obra Social de Empleados P\u00fablicos de Mendoza"},"image":{"@id":"https:\/\/osepmendoza.com.ar\/web\/#\/schema\/logo\/image\/"},"sameAs":["https:\/\/www.facebook.com\/OSEP.MendozaArg\/","https:\/\/x.com\/OsepMza","https:\/\/www.instagram.com\/osep.mendoza\/","https:\/\/www.youtube.com\/user\/osepvideos"]},{"@type":"Person","@id":"https:\/\/osepmendoza.com.ar\/web\/#\/schema\/person\/90986df7128a51e32bb66102fc247eb2","name":"Sebastian Fernandez","image":{"@type":"ImageObject","inLanguage":"es","@id":"https:\/\/secure.gravatar.com\/avatar\/cc42d53caabe846896e06ed8955a60e82b2b829babcb731f86f26c42378bcfec?s=96&d=mm&r=g","url":"https:\/\/secure.gravatar.com\/avatar\/cc42d53caabe846896e06ed8955a60e82b2b829babcb731f86f26c42378bcfec?s=96&d=mm&r=g","contentUrl":"https:\/\/secure.gravatar.com\/avatar\/cc42d53caabe846896e06ed8955a60e82b2b829babcb731f86f26c42378bcfec?s=96&d=mm&r=g","caption":"Sebastian Fernandez"},"sameAs":["http:\/\/osepmendoza.com.ar\/web"]}]}},"amp_enabled":true,"_links":{"self":[{"href":"https:\/\/osepmendoza.com.ar\/web\/wp-json\/wp\/v2\/posts\/27457","targetHints":{"allow":["GET"]}}],"collection":[{"href":"https:\/\/osepmendoza.com.ar\/web\/wp-json\/wp\/v2\/posts"}],"about":[{"href":"https:\/\/osepmendoza.com.ar\/web\/wp-json\/wp\/v2\/types\/post"}],"author":[{"embeddable":true,"href":"https:\/\/osepmendoza.com.ar\/web\/wp-json\/wp\/v2\/users\/12"}],"replies":[{"embeddable":true,"href":"https:\/\/osepmendoza.com.ar\/web\/wp-json\/wp\/v2\/comments?post=27457"}],"version-history":[{"count":1,"href":"https:\/\/osepmendoza.com.ar\/web\/wp-json\/wp\/v2\/posts\/27457\/revisions"}],"predecessor-version":[{"id":35917,"href":"https:\/\/osepmendoza.com.ar\/web\/wp-json\/wp\/v2\/posts\/27457\/revisions\/35917"}],"wp:attachment":[{"href":"https:\/\/osepmendoza.com.ar\/web\/wp-json\/wp\/v2\/media?parent=27457"}],"wp:term":[{"taxonomy":"category","embeddable":true,"href":"https:\/\/osepmendoza.com.ar\/web\/wp-json\/wp\/v2\/categories?post=27457"},{"taxonomy":"post_tag","embeddable":true,"href":"https:\/\/osepmendoza.com.ar\/web\/wp-json\/wp\/v2\/tags?post=27457"}],"curies":[{"name":"wp","href":"https:\/\/api.w.org\/{rel}","templated":true}]}}