{"id":27413,"date":"2016-12-19T16:42:55","date_gmt":"2016-12-19T16:42:55","guid":{"rendered":"http:\/\/osepmendoza.com.ar\/web\/?p=27413"},"modified":"2018-12-17T11:52:30","modified_gmt":"2018-12-17T14:52:30","slug":"quedo-oficialmente-reinaugurada-la-sede-de-osep-en-la-paz","status":"publish","type":"post","link":"https:\/\/osepmendoza.com.ar\/web\/quedo-oficialmente-reinaugurada-la-sede-de-osep-en-la-paz\/","title":{"rendered":"Qued\u00f3 oficialmente reinaugurada la sede de OSEP en La Paz"},"content":{"rendered":"<p>Con la presencia del Director general de OSEP Sergio Vergara, el Intendente municipal Gustavo Pinto, autoridades de la obra social y del municipio y p\u00fablico en general qued\u00f3 habilitada en Galigniana y Buenos Aires la sede de 365 mts2 con un importante abanico de servicios para los afiliados de La Paz.<\/p>\n<p>Luego de los trabajos realizados por OSEP, Municipalidad de La Paz y la empresa constructora Terra SRL durante todo el a\u00f1o, y de que a principios del 2014 hubiese quedado inhabilitada por problemas en un desague ajeno al edificio los cuales afectaron la fundaci\u00f3n del mismo, hoy nuevamente se pone en funciones la sede de OSEP en La Paz. La misma cuenta con los servicios de medicina de familia, pediatr\u00eda, tocoginecolog\u00eda, obstetricia, nutricionista, cardiolog\u00eda, kinesiolog\u00eda, radiolog\u00eda, ecograf\u00edas, odontolog\u00eda, educaci\u00f3n f\u00edsica, enfermer\u00eda y psicolog\u00eda. Entre los programas preventivos cuenta con \u201cNacer en OSEP\u201d y \u201cPreparaci\u00f3n Integral para la Maternidad\u201d.<br \/>\nLos afiliados tambi\u00e9n tienen la posibilidad de realizar diversas pr\u00e1cticas en la misma sede como son ecograf\u00edas, OEA (otoemisiones ac\u00fasticas), PAP, Coposcop\u00eda y Pesquisa neonatal.<\/p>\n<p>El Director General de la Obra Social destac\u00f3 la importancia que tiene esta obra para cumplir con la responsabilidad de estar presente en todo el territorio de Mendoza y solucionar los problemas de falta de prestaciones que existen lejos de los grandes centros urbanos. En el mismo sentido se ha realizado una renovaci\u00f3n de equipamiento y se est\u00e1n agregando nuevos servicios, como por ejemplo un laboratorio que forma parte de la Red de laboratorios de OSEP. Este esfuerzo que permiti\u00f3 la recuperaci\u00f3n total del edificio beneficiar\u00e1 aproximadamente a unos 5000 afiliados dentro del Departamento.<\/p>\n<p>OSEP La Paz tambi\u00e9n brinda atenci\u00f3n a los afiliados a trav\u00e9s de sus oficinas de:<\/p>\n<p>Turnos<br \/>\nTarjetas<br \/>\nAfiliaciones<br \/>\nPlanes Especiales<br \/>\nAuditoria Previa<br \/>\nEmpadronamiento de Discapacitados<br \/>\nEntrega de Leche<br \/>\nReintegros<br \/>\nCobranzas<\/p>\n<p>Los afiliados se pueden comunicar con la sede v\u00eda telef\u00f3nica a trav\u00e9s del (02626)421777 y el horario de atenci\u00f3n es de lunes a viernes de 7 a 20.30.<\/p>\n<p>&nbsp;<\/p>\n","protected":false},"excerpt":{"rendered":"<p>Con la presencia del Director general de OSEP Sergio Vergara,&#8230;<\/p>\n","protected":false},"author":6,"featured_media":0,"comment_status":"closed","ping_status":"closed","sticky":false,"template":"","format":"standard","meta":{"_acf_changed":false,"inline_featured_image":false,"_exactmetrics_skip_tracking":false,"_exactmetrics_sitenote_active":false,"_exactmetrics_sitenote_note":"","_exactmetrics_sitenote_category":0,"footnotes":"","_links_to":"","_links_to_target":""},"categories":[101],"tags":[252,112,253,234],"class_list":["post-27413","post","type-post","status-publish","format-standard","hentry","category-noticias","tag-la-paz","tag-osep","tag-reinauguracion","tag-sede"],"acf":[],"yoast_head":"<!-- This site is optimized with the Yoast SEO plugin v27.4 - https:\/\/yoast.com\/product\/yoast-seo-wordpress\/ -->\n<title>Qued\u00f3 oficialmente reinaugurada la sede de OSEP en La Paz - OSEP Mendoza<\/title>\n<meta name=\"robots\" content=\"index, follow, max-snippet:-1, max-image-preview:large, max-video-preview:-1\" \/>\n<link rel=\"canonical\" href=\"https:\/\/osepmendoza.com.ar\/web\/quedo-oficialmente-reinaugurada-la-sede-de-osep-en-la-paz\/\" \/>\n<meta property=\"og:locale\" content=\"es_ES\" \/>\n<meta property=\"og:type\" content=\"article\" \/>\n<meta property=\"og:title\" content=\"Qued\u00f3 oficialmente reinaugurada la sede de OSEP en La Paz - OSEP Mendoza\" \/>\n<meta property=\"og:description\" content=\"Con la presencia del Director general de OSEP Sergio Vergara,...\" \/>\n<meta property=\"og:url\" content=\"https:\/\/osepmendoza.com.ar\/web\/quedo-oficialmente-reinaugurada-la-sede-de-osep-en-la-paz\/\" \/>\n<meta property=\"og:site_name\" content=\"OSEP Mendoza\" \/>\n<meta property=\"article:publisher\" content=\"https:\/\/www.facebook.com\/OSEP.MendozaArg\/\" \/>\n<meta property=\"article:published_time\" content=\"2016-12-19T16:42:55+00:00\" \/>\n<meta property=\"article:modified_time\" content=\"2018-12-17T14:52:30+00:00\" \/>\n<meta name=\"author\" content=\"Emiliano Sandobal\" \/>\n<meta name=\"twitter:card\" content=\"summary_large_image\" \/>\n<meta name=\"twitter:creator\" content=\"@OsepMza\" \/>\n<meta name=\"twitter:site\" content=\"@OsepMza\" \/>\n<meta name=\"twitter:label1\" content=\"Escrito por\" \/>\n\t<meta name=\"twitter:data1\" content=\"Emiliano Sandobal\" \/>\n\t<meta name=\"twitter:label2\" content=\"Tiempo de lectura\" \/>\n\t<meta name=\"twitter:data2\" content=\"2 minutos\" \/>\n<script type=\"application\/ld+json\" class=\"yoast-schema-graph\">{\"@context\":\"https:\\\/\\\/schema.org\",\"@graph\":[{\"@type\":\"Article\",\"@id\":\"https:\\\/\\\/osepmendoza.com.ar\\\/web\\\/quedo-oficialmente-reinaugurada-la-sede-de-osep-en-la-paz\\\/#article\",\"isPartOf\":{\"@id\":\"https:\\\/\\\/osepmendoza.com.ar\\\/web\\\/quedo-oficialmente-reinaugurada-la-sede-de-osep-en-la-paz\\\/\"},\"author\":{\"name\":\"Emiliano Sandobal\",\"@id\":\"https:\\\/\\\/osepmendoza.com.ar\\\/web\\\/#\\\/schema\\\/person\\\/4e7a5e0118245838f9f783a763779211\"},\"headline\":\"Qued\u00f3 oficialmente reinaugurada la sede de OSEP en La Paz\",\"datePublished\":\"2016-12-19T16:42:55+00:00\",\"dateModified\":\"2018-12-17T14:52:30+00:00\",\"mainEntityOfPage\":{\"@id\":\"https:\\\/\\\/osepmendoza.com.ar\\\/web\\\/quedo-oficialmente-reinaugurada-la-sede-de-osep-en-la-paz\\\/\"},\"wordCount\":361,\"publisher\":{\"@id\":\"https:\\\/\\\/osepmendoza.com.ar\\\/web\\\/#organization\"},\"keywords\":[\"la paz\",\"osep\",\"reinauguracion\",\"Sede\"],\"articleSection\":[\"Noticias\"],\"inLanguage\":\"es\"},{\"@type\":\"WebPage\",\"@id\":\"https:\\\/\\\/osepmendoza.com.ar\\\/web\\\/quedo-oficialmente-reinaugurada-la-sede-de-osep-en-la-paz\\\/\",\"url\":\"https:\\\/\\\/osepmendoza.com.ar\\\/web\\\/quedo-oficialmente-reinaugurada-la-sede-de-osep-en-la-paz\\\/\",\"name\":\"Qued\u00f3 oficialmente reinaugurada la sede de OSEP en La Paz - OSEP Mendoza\",\"isPartOf\":{\"@id\":\"https:\\\/\\\/osepmendoza.com.ar\\\/web\\\/#website\"},\"datePublished\":\"2016-12-19T16:42:55+00:00\",\"dateModified\":\"2018-12-17T14:52:30+00:00\",\"breadcrumb\":{\"@id\":\"https:\\\/\\\/osepmendoza.com.ar\\\/web\\\/quedo-oficialmente-reinaugurada-la-sede-de-osep-en-la-paz\\\/#breadcrumb\"},\"inLanguage\":\"es\",\"potentialAction\":[{\"@type\":\"ReadAction\",\"target\":[\"https:\\\/\\\/osepmendoza.com.ar\\\/web\\\/quedo-oficialmente-reinaugurada-la-sede-de-osep-en-la-paz\\\/\"]}]},{\"@type\":\"BreadcrumbList\",\"@id\":\"https:\\\/\\\/osepmendoza.com.ar\\\/web\\\/quedo-oficialmente-reinaugurada-la-sede-de-osep-en-la-paz\\\/#breadcrumb\",\"itemListElement\":[{\"@type\":\"ListItem\",\"position\":1,\"name\":\"Portada\",\"item\":\"https:\\\/\\\/osepmendoza.com.ar\\\/web\\\/\"},{\"@type\":\"ListItem\",\"position\":2,\"name\":\"Qued\u00f3 oficialmente reinaugurada la sede de OSEP en La Paz\"}]},{\"@type\":\"WebSite\",\"@id\":\"https:\\\/\\\/osepmendoza.com.ar\\\/web\\\/#website\",\"url\":\"https:\\\/\\\/osepmendoza.com.ar\\\/web\\\/\",\"name\":\"OSEP Mendoza\",\"description\":\"Obra Social de los Empleados P\u00fablicos de Mendoza\",\"publisher\":{\"@id\":\"https:\\\/\\\/osepmendoza.com.ar\\\/web\\\/#organization\"},\"potentialAction\":[{\"@type\":\"SearchAction\",\"target\":{\"@type\":\"EntryPoint\",\"urlTemplate\":\"https:\\\/\\\/osepmendoza.com.ar\\\/web\\\/?s={search_term_string}\"},\"query-input\":{\"@type\":\"PropertyValueSpecification\",\"valueRequired\":true,\"valueName\":\"search_term_string\"}}],\"inLanguage\":\"es\"},{\"@type\":\"Organization\",\"@id\":\"https:\\\/\\\/osepmendoza.com.ar\\\/web\\\/#organization\",\"name\":\"OSEP - Obra Social de Empleados P\u00fablicos de Mendoza\",\"url\":\"https:\\\/\\\/osepmendoza.com.ar\\\/web\\\/\",\"logo\":{\"@type\":\"ImageObject\",\"inLanguage\":\"es\",\"@id\":\"https:\\\/\\\/osepmendoza.com.ar\\\/web\\\/#\\\/schema\\\/logo\\\/image\\\/\",\"url\":\"https:\\\/\\\/osepmendoza.com.ar\\\/web\\\/wp-content\\\/uploads\\\/2020\\\/04\\\/lkTM9T9z.jpg\",\"contentUrl\":\"https:\\\/\\\/osepmendoza.com.ar\\\/web\\\/wp-content\\\/uploads\\\/2020\\\/04\\\/lkTM9T9z.jpg\",\"width\":334,\"height\":334,\"caption\":\"OSEP - Obra Social de Empleados P\u00fablicos de Mendoza\"},\"image\":{\"@id\":\"https:\\\/\\\/osepmendoza.com.ar\\\/web\\\/#\\\/schema\\\/logo\\\/image\\\/\"},\"sameAs\":[\"https:\\\/\\\/www.facebook.com\\\/OSEP.MendozaArg\\\/\",\"https:\\\/\\\/x.com\\\/OsepMza\",\"https:\\\/\\\/www.instagram.com\\\/osep.mendoza\\\/\",\"https:\\\/\\\/www.youtube.com\\\/user\\\/osepvideos\"]},{\"@type\":\"Person\",\"@id\":\"https:\\\/\\\/osepmendoza.com.ar\\\/web\\\/#\\\/schema\\\/person\\\/4e7a5e0118245838f9f783a763779211\",\"name\":\"Emiliano Sandobal\",\"image\":{\"@type\":\"ImageObject\",\"inLanguage\":\"es\",\"@id\":\"https:\\\/\\\/secure.gravatar.com\\\/avatar\\\/d3b22a03e2853d7165313b51b54fbd33fb530becf0ffe6a70f96b195ca724512?s=96&d=mm&r=g\",\"url\":\"https:\\\/\\\/secure.gravatar.com\\\/avatar\\\/d3b22a03e2853d7165313b51b54fbd33fb530becf0ffe6a70f96b195ca724512?s=96&d=mm&r=g\",\"contentUrl\":\"https:\\\/\\\/secure.gravatar.com\\\/avatar\\\/d3b22a03e2853d7165313b51b54fbd33fb530becf0ffe6a70f96b195ca724512?s=96&d=mm&r=g\",\"caption\":\"Emiliano Sandobal\"},\"sameAs\":[\"http:\\\/\\\/osepmendoza.com.ar\\\/web\"]}]}<\/script>\n<!-- \/ Yoast SEO plugin. -->","yoast_head_json":{"title":"Qued\u00f3 oficialmente reinaugurada la sede de OSEP en La Paz - OSEP Mendoza","robots":{"index":"index","follow":"follow","max-snippet":"max-snippet:-1","max-image-preview":"max-image-preview:large","max-video-preview":"max-video-preview:-1"},"canonical":"https:\/\/osepmendoza.com.ar\/web\/quedo-oficialmente-reinaugurada-la-sede-de-osep-en-la-paz\/","og_locale":"es_ES","og_type":"article","og_title":"Qued\u00f3 oficialmente reinaugurada la sede de OSEP en La Paz - OSEP Mendoza","og_description":"Con la presencia del Director general de OSEP Sergio Vergara,...","og_url":"https:\/\/osepmendoza.com.ar\/web\/quedo-oficialmente-reinaugurada-la-sede-de-osep-en-la-paz\/","og_site_name":"OSEP Mendoza","article_publisher":"https:\/\/www.facebook.com\/OSEP.MendozaArg\/","article_published_time":"2016-12-19T16:42:55+00:00","article_modified_time":"2018-12-17T14:52:30+00:00","author":"Emiliano Sandobal","twitter_card":"summary_large_image","twitter_creator":"@OsepMza","twitter_site":"@OsepMza","twitter_misc":{"Escrito por":"Emiliano Sandobal","Tiempo de lectura":"2 minutos"},"schema":{"@context":"https:\/\/schema.org","@graph":[{"@type":"Article","@id":"https:\/\/osepmendoza.com.ar\/web\/quedo-oficialmente-reinaugurada-la-sede-de-osep-en-la-paz\/#article","isPartOf":{"@id":"https:\/\/osepmendoza.com.ar\/web\/quedo-oficialmente-reinaugurada-la-sede-de-osep-en-la-paz\/"},"author":{"name":"Emiliano Sandobal","@id":"https:\/\/osepmendoza.com.ar\/web\/#\/schema\/person\/4e7a5e0118245838f9f783a763779211"},"headline":"Qued\u00f3 oficialmente reinaugurada la sede de OSEP en La Paz","datePublished":"2016-12-19T16:42:55+00:00","dateModified":"2018-12-17T14:52:30+00:00","mainEntityOfPage":{"@id":"https:\/\/osepmendoza.com.ar\/web\/quedo-oficialmente-reinaugurada-la-sede-de-osep-en-la-paz\/"},"wordCount":361,"publisher":{"@id":"https:\/\/osepmendoza.com.ar\/web\/#organization"},"keywords":["la paz","osep","reinauguracion","Sede"],"articleSection":["Noticias"],"inLanguage":"es"},{"@type":"WebPage","@id":"https:\/\/osepmendoza.com.ar\/web\/quedo-oficialmente-reinaugurada-la-sede-de-osep-en-la-paz\/","url":"https:\/\/osepmendoza.com.ar\/web\/quedo-oficialmente-reinaugurada-la-sede-de-osep-en-la-paz\/","name":"Qued\u00f3 oficialmente reinaugurada la sede de OSEP en La Paz - OSEP Mendoza","isPartOf":{"@id":"https:\/\/osepmendoza.com.ar\/web\/#website"},"datePublished":"2016-12-19T16:42:55+00:00","dateModified":"2018-12-17T14:52:30+00:00","breadcrumb":{"@id":"https:\/\/osepmendoza.com.ar\/web\/quedo-oficialmente-reinaugurada-la-sede-de-osep-en-la-paz\/#breadcrumb"},"inLanguage":"es","potentialAction":[{"@type":"ReadAction","target":["https:\/\/osepmendoza.com.ar\/web\/quedo-oficialmente-reinaugurada-la-sede-de-osep-en-la-paz\/"]}]},{"@type":"BreadcrumbList","@id":"https:\/\/osepmendoza.com.ar\/web\/quedo-oficialmente-reinaugurada-la-sede-de-osep-en-la-paz\/#breadcrumb","itemListElement":[{"@type":"ListItem","position":1,"name":"Portada","item":"https:\/\/osepmendoza.com.ar\/web\/"},{"@type":"ListItem","position":2,"name":"Qued\u00f3 oficialmente reinaugurada la sede de OSEP en La Paz"}]},{"@type":"WebSite","@id":"https:\/\/osepmendoza.com.ar\/web\/#website","url":"https:\/\/osepmendoza.com.ar\/web\/","name":"OSEP Mendoza","description":"Obra Social de los Empleados P\u00fablicos de Mendoza","publisher":{"@id":"https:\/\/osepmendoza.com.ar\/web\/#organization"},"potentialAction":[{"@type":"SearchAction","target":{"@type":"EntryPoint","urlTemplate":"https:\/\/osepmendoza.com.ar\/web\/?s={search_term_string}"},"query-input":{"@type":"PropertyValueSpecification","valueRequired":true,"valueName":"search_term_string"}}],"inLanguage":"es"},{"@type":"Organization","@id":"https:\/\/osepmendoza.com.ar\/web\/#organization","name":"OSEP - Obra Social de Empleados P\u00fablicos de Mendoza","url":"https:\/\/osepmendoza.com.ar\/web\/","logo":{"@type":"ImageObject","inLanguage":"es","@id":"https:\/\/osepmendoza.com.ar\/web\/#\/schema\/logo\/image\/","url":"https:\/\/osepmendoza.com.ar\/web\/wp-content\/uploads\/2020\/04\/lkTM9T9z.jpg","contentUrl":"https:\/\/osepmendoza.com.ar\/web\/wp-content\/uploads\/2020\/04\/lkTM9T9z.jpg","width":334,"height":334,"caption":"OSEP - Obra Social de Empleados P\u00fablicos de Mendoza"},"image":{"@id":"https:\/\/osepmendoza.com.ar\/web\/#\/schema\/logo\/image\/"},"sameAs":["https:\/\/www.facebook.com\/OSEP.MendozaArg\/","https:\/\/x.com\/OsepMza","https:\/\/www.instagram.com\/osep.mendoza\/","https:\/\/www.youtube.com\/user\/osepvideos"]},{"@type":"Person","@id":"https:\/\/osepmendoza.com.ar\/web\/#\/schema\/person\/4e7a5e0118245838f9f783a763779211","name":"Emiliano Sandobal","image":{"@type":"ImageObject","inLanguage":"es","@id":"https:\/\/secure.gravatar.com\/avatar\/d3b22a03e2853d7165313b51b54fbd33fb530becf0ffe6a70f96b195ca724512?s=96&d=mm&r=g","url":"https:\/\/secure.gravatar.com\/avatar\/d3b22a03e2853d7165313b51b54fbd33fb530becf0ffe6a70f96b195ca724512?s=96&d=mm&r=g","contentUrl":"https:\/\/secure.gravatar.com\/avatar\/d3b22a03e2853d7165313b51b54fbd33fb530becf0ffe6a70f96b195ca724512?s=96&d=mm&r=g","caption":"Emiliano Sandobal"},"sameAs":["http:\/\/osepmendoza.com.ar\/web"]}]}},"amp_enabled":true,"_links":{"self":[{"href":"https:\/\/osepmendoza.com.ar\/web\/wp-json\/wp\/v2\/posts\/27413","targetHints":{"allow":["GET"]}}],"collection":[{"href":"https:\/\/osepmendoza.com.ar\/web\/wp-json\/wp\/v2\/posts"}],"about":[{"href":"https:\/\/osepmendoza.com.ar\/web\/wp-json\/wp\/v2\/types\/post"}],"author":[{"embeddable":true,"href":"https:\/\/osepmendoza.com.ar\/web\/wp-json\/wp\/v2\/users\/6"}],"replies":[{"embeddable":true,"href":"https:\/\/osepmendoza.com.ar\/web\/wp-json\/wp\/v2\/comments?post=27413"}],"version-history":[{"count":1,"href":"https:\/\/osepmendoza.com.ar\/web\/wp-json\/wp\/v2\/posts\/27413\/revisions"}],"predecessor-version":[{"id":35918,"href":"https:\/\/osepmendoza.com.ar\/web\/wp-json\/wp\/v2\/posts\/27413\/revisions\/35918"}],"wp:attachment":[{"href":"https:\/\/osepmendoza.com.ar\/web\/wp-json\/wp\/v2\/media?parent=27413"}],"wp:term":[{"taxonomy":"category","embeddable":true,"href":"https:\/\/osepmendoza.com.ar\/web\/wp-json\/wp\/v2\/categories?post=27413"},{"taxonomy":"post_tag","embeddable":true,"href":"https:\/\/osepmendoza.com.ar\/web\/wp-json\/wp\/v2\/tags?post=27413"}],"curies":[{"name":"wp","href":"https:\/\/api.w.org\/{rel}","templated":true}]}}