{"id":27396,"date":"2016-12-15T18:06:52","date_gmt":"2016-12-15T18:06:52","guid":{"rendered":"http:\/\/osepmendoza.com.ar\/web\/?p=27396"},"modified":"2018-12-17T11:52:30","modified_gmt":"2018-12-17T14:52:30","slug":"jornada-de-control-para-pacientes-cronicos","status":"publish","type":"post","link":"https:\/\/osepmendoza.com.ar\/web\/jornada-de-control-para-pacientes-cronicos\/","title":{"rendered":"Jornada de control para pacientes cr\u00f3nicos"},"content":{"rendered":"<p><strong>Con gran concurrencia se llev\u00f3 a cabo una jornada de evaluaci\u00f3n f\u00edsica y control de riesgo cardiovascular para pacientes cr\u00f3nicos. La actividad tuvo lugar en el parque General San Mart\u00edn y fue una iniciativa de los programas de \u201cGesti\u00f3n Cl\u00ednica para Pacientes Cr\u00f3nicos\u201d y \u201cSalud + Recreaci\u00f3n\u201d, de OSEP.<\/strong><\/p>\n<p>Un importante grupo de afiliados que, derivados por el programa de Gesti\u00f3n Cl\u00ednica para Pacientes Cr\u00f3nicos\u201d de OSEP, asisten habitualmente al gimnasio Le Club para realizar actividad f\u00edsica, hoy culminaron un nuevo a\u00f1o en el parque General San Mart\u00edn.<\/p>\n<p><a href=\"http:\/\/osepmendoza.com.ar\/web\/wp-content\/uploads\/2016\/12\/foto22.jpg\"><img loading=\"lazy\" decoding=\"async\" class=\"alignnone size-full wp-image-27397\" src=\"http:\/\/osepmendoza.com.ar\/web\/wp-content\/uploads\/2016\/12\/foto22.jpg\" alt=\"foto2\" width=\"1280\" height=\"720\" \/><\/a><\/p>\n<p>En la ocasi\u00f3n, profesionales del programa \u201cSalud + Recreaci\u00f3n\u201d les realizaron control de riesgo cardiovascular. Luego pasaron por un test de capacidades condicionales, en el que se les examin\u00f3 la resistencia en un recorrido que se traz\u00f3 sobre el per\u00edmetro del lago, tarea que estuvo a cargo de los profesores de Educaci\u00f3n F\u00edsica Diego Masrur y Mariano Basigalup.<\/p>\n<p>Cabe destacar que fue la \u00faltima jornada especial del a\u00f1o para estos pacientes que durante el ciclo participaron de diferentes actividades que incluy\u00f3, tambi\u00e9n, una excursi\u00f3n al complejo \u201cTermas de Cacheuta\u201d, donde los afiliados, adem\u00e1s de sentirse contenidos por los programas de la Direcci\u00f3n de Atenci\u00f3n Primaria de OSEP, crearon v\u00ednculos socioafectivos.<\/p>\n<p>Los resultados obtenidos en esta evaluaci\u00f3n se procesar\u00e1n y comparar\u00e1n sus datos con el objetivo de demostrar la evoluci\u00f3n alcanzada por los pacientes, demostrando as\u00ed las mejoras en su calidad de vida.<\/p>\n<p>Para m\u00e1s Informaci\u00f3n:<\/p>\n<p>Programa de Gesti\u00f3n Cl\u00ednica para Pacientes Cr\u00f3nicos<\/p>\n<p>Rondeau 332, Ciudad<\/p>\n<p>Tel\u00e9fono: 4615127<\/p>\n<p>Programa Salud + Recreaci\u00f3n<\/p>\n<p>Salta 877, Ciudad<\/p>\n<p>Tel\u00e9fono: 4419245<\/p>\n\n","protected":false},"excerpt":{"rendered":"<p>Con gran concurrencia se llev\u00f3 a cabo una jornada de&#8230;<\/p>\n","protected":false},"author":12,"featured_media":0,"comment_status":"closed","ping_status":"closed","sticky":false,"template":"","format":"standard","meta":{"_acf_changed":false,"inline_featured_image":false,"_exactmetrics_skip_tracking":false,"_exactmetrics_sitenote_active":false,"_exactmetrics_sitenote_note":"","_exactmetrics_sitenote_category":0,"footnotes":"","_links_to":"","_links_to_target":""},"categories":[101],"tags":[],"class_list":["post-27396","post","type-post","status-publish","format-standard","hentry","category-noticias"],"acf":[],"yoast_head":"<!-- This site is optimized with the Yoast SEO plugin v27.4 - https:\/\/yoast.com\/product\/yoast-seo-wordpress\/ -->\n<title>Jornada de control para pacientes cr\u00f3nicos - OSEP Mendoza<\/title>\n<meta name=\"robots\" content=\"index, follow, max-snippet:-1, max-image-preview:large, max-video-preview:-1\" \/>\n<link rel=\"canonical\" href=\"https:\/\/osepmendoza.com.ar\/web\/jornada-de-control-para-pacientes-cronicos\/\" \/>\n<meta property=\"og:locale\" content=\"es_ES\" \/>\n<meta property=\"og:type\" content=\"article\" \/>\n<meta property=\"og:title\" content=\"Jornada de control para pacientes cr\u00f3nicos - OSEP Mendoza\" \/>\n<meta property=\"og:description\" content=\"Con gran concurrencia se llev\u00f3 a cabo una jornada de...\" \/>\n<meta property=\"og:url\" content=\"https:\/\/osepmendoza.com.ar\/web\/jornada-de-control-para-pacientes-cronicos\/\" \/>\n<meta property=\"og:site_name\" content=\"OSEP Mendoza\" \/>\n<meta property=\"article:publisher\" content=\"https:\/\/www.facebook.com\/OSEP.MendozaArg\/\" \/>\n<meta property=\"article:published_time\" content=\"2016-12-15T18:06:52+00:00\" \/>\n<meta property=\"article:modified_time\" content=\"2018-12-17T14:52:30+00:00\" \/>\n<meta property=\"og:image\" content=\"http:\/\/osepmendoza.com.ar\/web\/wp-content\/uploads\/2016\/12\/foto22.jpg\" \/>\n<meta name=\"author\" content=\"Sebastian Fernandez\" \/>\n<meta name=\"twitter:card\" content=\"summary_large_image\" \/>\n<meta name=\"twitter:creator\" content=\"@OsepMza\" \/>\n<meta name=\"twitter:site\" content=\"@OsepMza\" \/>\n<meta name=\"twitter:label1\" content=\"Escrito por\" \/>\n\t<meta name=\"twitter:data1\" content=\"Sebastian Fernandez\" \/>\n\t<meta name=\"twitter:label2\" content=\"Tiempo de lectura\" \/>\n\t<meta name=\"twitter:data2\" content=\"1 minuto\" \/>\n<script type=\"application\/ld+json\" class=\"yoast-schema-graph\">{\"@context\":\"https:\\\/\\\/schema.org\",\"@graph\":[{\"@type\":\"Article\",\"@id\":\"https:\\\/\\\/osepmendoza.com.ar\\\/web\\\/jornada-de-control-para-pacientes-cronicos\\\/#article\",\"isPartOf\":{\"@id\":\"https:\\\/\\\/osepmendoza.com.ar\\\/web\\\/jornada-de-control-para-pacientes-cronicos\\\/\"},\"author\":{\"name\":\"Sebastian Fernandez\",\"@id\":\"https:\\\/\\\/osepmendoza.com.ar\\\/web\\\/#\\\/schema\\\/person\\\/90986df7128a51e32bb66102fc247eb2\"},\"headline\":\"Jornada de control para pacientes cr\u00f3nicos\",\"datePublished\":\"2016-12-15T18:06:52+00:00\",\"dateModified\":\"2018-12-17T14:52:30+00:00\",\"mainEntityOfPage\":{\"@id\":\"https:\\\/\\\/osepmendoza.com.ar\\\/web\\\/jornada-de-control-para-pacientes-cronicos\\\/\"},\"wordCount\":294,\"publisher\":{\"@id\":\"https:\\\/\\\/osepmendoza.com.ar\\\/web\\\/#organization\"},\"image\":{\"@id\":\"https:\\\/\\\/osepmendoza.com.ar\\\/web\\\/jornada-de-control-para-pacientes-cronicos\\\/#primaryimage\"},\"thumbnailUrl\":\"http:\\\/\\\/osepmendoza.com.ar\\\/web\\\/wp-content\\\/uploads\\\/2016\\\/12\\\/foto22.jpg\",\"articleSection\":[\"Noticias\"],\"inLanguage\":\"es\"},{\"@type\":\"WebPage\",\"@id\":\"https:\\\/\\\/osepmendoza.com.ar\\\/web\\\/jornada-de-control-para-pacientes-cronicos\\\/\",\"url\":\"https:\\\/\\\/osepmendoza.com.ar\\\/web\\\/jornada-de-control-para-pacientes-cronicos\\\/\",\"name\":\"Jornada de control para pacientes cr\u00f3nicos - OSEP Mendoza\",\"isPartOf\":{\"@id\":\"https:\\\/\\\/osepmendoza.com.ar\\\/web\\\/#website\"},\"primaryImageOfPage\":{\"@id\":\"https:\\\/\\\/osepmendoza.com.ar\\\/web\\\/jornada-de-control-para-pacientes-cronicos\\\/#primaryimage\"},\"image\":{\"@id\":\"https:\\\/\\\/osepmendoza.com.ar\\\/web\\\/jornada-de-control-para-pacientes-cronicos\\\/#primaryimage\"},\"thumbnailUrl\":\"http:\\\/\\\/osepmendoza.com.ar\\\/web\\\/wp-content\\\/uploads\\\/2016\\\/12\\\/foto22.jpg\",\"datePublished\":\"2016-12-15T18:06:52+00:00\",\"dateModified\":\"2018-12-17T14:52:30+00:00\",\"breadcrumb\":{\"@id\":\"https:\\\/\\\/osepmendoza.com.ar\\\/web\\\/jornada-de-control-para-pacientes-cronicos\\\/#breadcrumb\"},\"inLanguage\":\"es\",\"potentialAction\":[{\"@type\":\"ReadAction\",\"target\":[\"https:\\\/\\\/osepmendoza.com.ar\\\/web\\\/jornada-de-control-para-pacientes-cronicos\\\/\"]}]},{\"@type\":\"ImageObject\",\"inLanguage\":\"es\",\"@id\":\"https:\\\/\\\/osepmendoza.com.ar\\\/web\\\/jornada-de-control-para-pacientes-cronicos\\\/#primaryimage\",\"url\":\"http:\\\/\\\/osepmendoza.com.ar\\\/web\\\/wp-content\\\/uploads\\\/2016\\\/12\\\/foto22.jpg\",\"contentUrl\":\"http:\\\/\\\/osepmendoza.com.ar\\\/web\\\/wp-content\\\/uploads\\\/2016\\\/12\\\/foto22.jpg\"},{\"@type\":\"BreadcrumbList\",\"@id\":\"https:\\\/\\\/osepmendoza.com.ar\\\/web\\\/jornada-de-control-para-pacientes-cronicos\\\/#breadcrumb\",\"itemListElement\":[{\"@type\":\"ListItem\",\"position\":1,\"name\":\"Portada\",\"item\":\"https:\\\/\\\/osepmendoza.com.ar\\\/web\\\/\"},{\"@type\":\"ListItem\",\"position\":2,\"name\":\"Jornada de control para pacientes cr\u00f3nicos\"}]},{\"@type\":\"WebSite\",\"@id\":\"https:\\\/\\\/osepmendoza.com.ar\\\/web\\\/#website\",\"url\":\"https:\\\/\\\/osepmendoza.com.ar\\\/web\\\/\",\"name\":\"OSEP Mendoza\",\"description\":\"Obra Social de los Empleados P\u00fablicos de Mendoza\",\"publisher\":{\"@id\":\"https:\\\/\\\/osepmendoza.com.ar\\\/web\\\/#organization\"},\"potentialAction\":[{\"@type\":\"SearchAction\",\"target\":{\"@type\":\"EntryPoint\",\"urlTemplate\":\"https:\\\/\\\/osepmendoza.com.ar\\\/web\\\/?s={search_term_string}\"},\"query-input\":{\"@type\":\"PropertyValueSpecification\",\"valueRequired\":true,\"valueName\":\"search_term_string\"}}],\"inLanguage\":\"es\"},{\"@type\":\"Organization\",\"@id\":\"https:\\\/\\\/osepmendoza.com.ar\\\/web\\\/#organization\",\"name\":\"OSEP - Obra Social de Empleados P\u00fablicos de Mendoza\",\"url\":\"https:\\\/\\\/osepmendoza.com.ar\\\/web\\\/\",\"logo\":{\"@type\":\"ImageObject\",\"inLanguage\":\"es\",\"@id\":\"https:\\\/\\\/osepmendoza.com.ar\\\/web\\\/#\\\/schema\\\/logo\\\/image\\\/\",\"url\":\"https:\\\/\\\/osepmendoza.com.ar\\\/web\\\/wp-content\\\/uploads\\\/2020\\\/04\\\/lkTM9T9z.jpg\",\"contentUrl\":\"https:\\\/\\\/osepmendoza.com.ar\\\/web\\\/wp-content\\\/uploads\\\/2020\\\/04\\\/lkTM9T9z.jpg\",\"width\":334,\"height\":334,\"caption\":\"OSEP - Obra Social de Empleados P\u00fablicos de Mendoza\"},\"image\":{\"@id\":\"https:\\\/\\\/osepmendoza.com.ar\\\/web\\\/#\\\/schema\\\/logo\\\/image\\\/\"},\"sameAs\":[\"https:\\\/\\\/www.facebook.com\\\/OSEP.MendozaArg\\\/\",\"https:\\\/\\\/x.com\\\/OsepMza\",\"https:\\\/\\\/www.instagram.com\\\/osep.mendoza\\\/\",\"https:\\\/\\\/www.youtube.com\\\/user\\\/osepvideos\"]},{\"@type\":\"Person\",\"@id\":\"https:\\\/\\\/osepmendoza.com.ar\\\/web\\\/#\\\/schema\\\/person\\\/90986df7128a51e32bb66102fc247eb2\",\"name\":\"Sebastian Fernandez\",\"image\":{\"@type\":\"ImageObject\",\"inLanguage\":\"es\",\"@id\":\"https:\\\/\\\/secure.gravatar.com\\\/avatar\\\/cc42d53caabe846896e06ed8955a60e82b2b829babcb731f86f26c42378bcfec?s=96&d=mm&r=g\",\"url\":\"https:\\\/\\\/secure.gravatar.com\\\/avatar\\\/cc42d53caabe846896e06ed8955a60e82b2b829babcb731f86f26c42378bcfec?s=96&d=mm&r=g\",\"contentUrl\":\"https:\\\/\\\/secure.gravatar.com\\\/avatar\\\/cc42d53caabe846896e06ed8955a60e82b2b829babcb731f86f26c42378bcfec?s=96&d=mm&r=g\",\"caption\":\"Sebastian Fernandez\"},\"sameAs\":[\"http:\\\/\\\/osepmendoza.com.ar\\\/web\"]}]}<\/script>\n<!-- \/ Yoast SEO plugin. -->","yoast_head_json":{"title":"Jornada de control para pacientes cr\u00f3nicos - OSEP Mendoza","robots":{"index":"index","follow":"follow","max-snippet":"max-snippet:-1","max-image-preview":"max-image-preview:large","max-video-preview":"max-video-preview:-1"},"canonical":"https:\/\/osepmendoza.com.ar\/web\/jornada-de-control-para-pacientes-cronicos\/","og_locale":"es_ES","og_type":"article","og_title":"Jornada de control para pacientes cr\u00f3nicos - OSEP Mendoza","og_description":"Con gran concurrencia se llev\u00f3 a cabo una jornada de...","og_url":"https:\/\/osepmendoza.com.ar\/web\/jornada-de-control-para-pacientes-cronicos\/","og_site_name":"OSEP Mendoza","article_publisher":"https:\/\/www.facebook.com\/OSEP.MendozaArg\/","article_published_time":"2016-12-15T18:06:52+00:00","article_modified_time":"2018-12-17T14:52:30+00:00","og_image":[{"url":"http:\/\/osepmendoza.com.ar\/web\/wp-content\/uploads\/2016\/12\/foto22.jpg","type":"","width":"","height":""}],"author":"Sebastian Fernandez","twitter_card":"summary_large_image","twitter_creator":"@OsepMza","twitter_site":"@OsepMza","twitter_misc":{"Escrito por":"Sebastian Fernandez","Tiempo de lectura":"1 minuto"},"schema":{"@context":"https:\/\/schema.org","@graph":[{"@type":"Article","@id":"https:\/\/osepmendoza.com.ar\/web\/jornada-de-control-para-pacientes-cronicos\/#article","isPartOf":{"@id":"https:\/\/osepmendoza.com.ar\/web\/jornada-de-control-para-pacientes-cronicos\/"},"author":{"name":"Sebastian Fernandez","@id":"https:\/\/osepmendoza.com.ar\/web\/#\/schema\/person\/90986df7128a51e32bb66102fc247eb2"},"headline":"Jornada de control para pacientes cr\u00f3nicos","datePublished":"2016-12-15T18:06:52+00:00","dateModified":"2018-12-17T14:52:30+00:00","mainEntityOfPage":{"@id":"https:\/\/osepmendoza.com.ar\/web\/jornada-de-control-para-pacientes-cronicos\/"},"wordCount":294,"publisher":{"@id":"https:\/\/osepmendoza.com.ar\/web\/#organization"},"image":{"@id":"https:\/\/osepmendoza.com.ar\/web\/jornada-de-control-para-pacientes-cronicos\/#primaryimage"},"thumbnailUrl":"http:\/\/osepmendoza.com.ar\/web\/wp-content\/uploads\/2016\/12\/foto22.jpg","articleSection":["Noticias"],"inLanguage":"es"},{"@type":"WebPage","@id":"https:\/\/osepmendoza.com.ar\/web\/jornada-de-control-para-pacientes-cronicos\/","url":"https:\/\/osepmendoza.com.ar\/web\/jornada-de-control-para-pacientes-cronicos\/","name":"Jornada de control para pacientes cr\u00f3nicos - OSEP Mendoza","isPartOf":{"@id":"https:\/\/osepmendoza.com.ar\/web\/#website"},"primaryImageOfPage":{"@id":"https:\/\/osepmendoza.com.ar\/web\/jornada-de-control-para-pacientes-cronicos\/#primaryimage"},"image":{"@id":"https:\/\/osepmendoza.com.ar\/web\/jornada-de-control-para-pacientes-cronicos\/#primaryimage"},"thumbnailUrl":"http:\/\/osepmendoza.com.ar\/web\/wp-content\/uploads\/2016\/12\/foto22.jpg","datePublished":"2016-12-15T18:06:52+00:00","dateModified":"2018-12-17T14:52:30+00:00","breadcrumb":{"@id":"https:\/\/osepmendoza.com.ar\/web\/jornada-de-control-para-pacientes-cronicos\/#breadcrumb"},"inLanguage":"es","potentialAction":[{"@type":"ReadAction","target":["https:\/\/osepmendoza.com.ar\/web\/jornada-de-control-para-pacientes-cronicos\/"]}]},{"@type":"ImageObject","inLanguage":"es","@id":"https:\/\/osepmendoza.com.ar\/web\/jornada-de-control-para-pacientes-cronicos\/#primaryimage","url":"http:\/\/osepmendoza.com.ar\/web\/wp-content\/uploads\/2016\/12\/foto22.jpg","contentUrl":"http:\/\/osepmendoza.com.ar\/web\/wp-content\/uploads\/2016\/12\/foto22.jpg"},{"@type":"BreadcrumbList","@id":"https:\/\/osepmendoza.com.ar\/web\/jornada-de-control-para-pacientes-cronicos\/#breadcrumb","itemListElement":[{"@type":"ListItem","position":1,"name":"Portada","item":"https:\/\/osepmendoza.com.ar\/web\/"},{"@type":"ListItem","position":2,"name":"Jornada de control para pacientes cr\u00f3nicos"}]},{"@type":"WebSite","@id":"https:\/\/osepmendoza.com.ar\/web\/#website","url":"https:\/\/osepmendoza.com.ar\/web\/","name":"OSEP Mendoza","description":"Obra Social de los Empleados P\u00fablicos de Mendoza","publisher":{"@id":"https:\/\/osepmendoza.com.ar\/web\/#organization"},"potentialAction":[{"@type":"SearchAction","target":{"@type":"EntryPoint","urlTemplate":"https:\/\/osepmendoza.com.ar\/web\/?s={search_term_string}"},"query-input":{"@type":"PropertyValueSpecification","valueRequired":true,"valueName":"search_term_string"}}],"inLanguage":"es"},{"@type":"Organization","@id":"https:\/\/osepmendoza.com.ar\/web\/#organization","name":"OSEP - Obra Social de Empleados P\u00fablicos de Mendoza","url":"https:\/\/osepmendoza.com.ar\/web\/","logo":{"@type":"ImageObject","inLanguage":"es","@id":"https:\/\/osepmendoza.com.ar\/web\/#\/schema\/logo\/image\/","url":"https:\/\/osepmendoza.com.ar\/web\/wp-content\/uploads\/2020\/04\/lkTM9T9z.jpg","contentUrl":"https:\/\/osepmendoza.com.ar\/web\/wp-content\/uploads\/2020\/04\/lkTM9T9z.jpg","width":334,"height":334,"caption":"OSEP - Obra Social de Empleados P\u00fablicos de Mendoza"},"image":{"@id":"https:\/\/osepmendoza.com.ar\/web\/#\/schema\/logo\/image\/"},"sameAs":["https:\/\/www.facebook.com\/OSEP.MendozaArg\/","https:\/\/x.com\/OsepMza","https:\/\/www.instagram.com\/osep.mendoza\/","https:\/\/www.youtube.com\/user\/osepvideos"]},{"@type":"Person","@id":"https:\/\/osepmendoza.com.ar\/web\/#\/schema\/person\/90986df7128a51e32bb66102fc247eb2","name":"Sebastian Fernandez","image":{"@type":"ImageObject","inLanguage":"es","@id":"https:\/\/secure.gravatar.com\/avatar\/cc42d53caabe846896e06ed8955a60e82b2b829babcb731f86f26c42378bcfec?s=96&d=mm&r=g","url":"https:\/\/secure.gravatar.com\/avatar\/cc42d53caabe846896e06ed8955a60e82b2b829babcb731f86f26c42378bcfec?s=96&d=mm&r=g","contentUrl":"https:\/\/secure.gravatar.com\/avatar\/cc42d53caabe846896e06ed8955a60e82b2b829babcb731f86f26c42378bcfec?s=96&d=mm&r=g","caption":"Sebastian Fernandez"},"sameAs":["http:\/\/osepmendoza.com.ar\/web"]}]}},"amp_enabled":true,"_links":{"self":[{"href":"https:\/\/osepmendoza.com.ar\/web\/wp-json\/wp\/v2\/posts\/27396","targetHints":{"allow":["GET"]}}],"collection":[{"href":"https:\/\/osepmendoza.com.ar\/web\/wp-json\/wp\/v2\/posts"}],"about":[{"href":"https:\/\/osepmendoza.com.ar\/web\/wp-json\/wp\/v2\/types\/post"}],"author":[{"embeddable":true,"href":"https:\/\/osepmendoza.com.ar\/web\/wp-json\/wp\/v2\/users\/12"}],"replies":[{"embeddable":true,"href":"https:\/\/osepmendoza.com.ar\/web\/wp-json\/wp\/v2\/comments?post=27396"}],"version-history":[{"count":1,"href":"https:\/\/osepmendoza.com.ar\/web\/wp-json\/wp\/v2\/posts\/27396\/revisions"}],"predecessor-version":[{"id":35919,"href":"https:\/\/osepmendoza.com.ar\/web\/wp-json\/wp\/v2\/posts\/27396\/revisions\/35919"}],"wp:attachment":[{"href":"https:\/\/osepmendoza.com.ar\/web\/wp-json\/wp\/v2\/media?parent=27396"}],"wp:term":[{"taxonomy":"category","embeddable":true,"href":"https:\/\/osepmendoza.com.ar\/web\/wp-json\/wp\/v2\/categories?post=27396"},{"taxonomy":"post_tag","embeddable":true,"href":"https:\/\/osepmendoza.com.ar\/web\/wp-json\/wp\/v2\/tags?post=27396"}],"curies":[{"name":"wp","href":"https:\/\/api.w.org\/{rel}","templated":true}]}}