{"id":27389,"date":"2016-12-14T19:02:12","date_gmt":"2016-12-14T19:02:12","guid":{"rendered":"http:\/\/osepmendoza.com.ar\/web\/?p=27389"},"modified":"2018-12-17T11:52:31","modified_gmt":"2018-12-17T14:52:31","slug":"osep-presente-en-las-jornadas-sobre-discapacidad","status":"publish","type":"post","link":"https:\/\/osepmendoza.com.ar\/web\/osep-presente-en-las-jornadas-sobre-discapacidad\/","title":{"rendered":"OSEP presente en las Jornadas sobre Discapacidad"},"content":{"rendered":"<p align=\"CENTER\"><strong>Se celebraron con \u00e9xito las <em>Primeras Jornadas Provinciales de Promoci\u00f3n y Actualizaci\u00f3n en materia de Discapacidad<\/em> con la participaci\u00f3n de OSEP y otras instituciones de la provincia.<\/strong><\/p>\n<p align=\"CENTER\">\n<p align=\"LEFT\">En coincidencia con el d\u00e9cimo aniversario de la Convenci\u00f3n sobre los Derechos de las Personas con Discapacidad, y en alusi\u00f3n al lema de dicho manifiesto denominado \u201cNada sobre nosotros sin nosotros\u201d el encuentro organizado por la Direcci\u00f3n de Atenci\u00f3n a la Personas con Discapacidad se desarroll\u00f3\u00a0 el 13 y 14 de diciembre con la participaci\u00f3n de OSEP, la Universidad Nacional de Cuyo, la Comisi\u00f3n Nacional de Discapacidad (CONADIS), el Consejo Provincial de las Personas con Discapacidad y la Defensor\u00eda de las Personas con Discapacidad.<\/p>\n<p align=\"LEFT\">Los temas se centraron en cuatro t\u00f3picos: discapacidad y diversidad funcional, participaci\u00f3n ciudadana, acceder para participar y vida independiente.<\/p>\n<p align=\"LEFT\">El ciclo arranc\u00f3 el martes a las 9 horas en el centro de Congreso y Exposiciones, con la presencia de los principales referentes en materia de discapacidad de la provincia.<\/p>\n<p align=\"LEFT\">Asimismo los asistentes pudieron disfrutar de visitas internacionales , como la disertaci\u00f3n del antrop\u00f3logo colombiano Jorge Andr\u00e9s Colmenares, que habl\u00f3 sobre la aplicaci\u00f3n de la Convenci\u00f3n en los \u00e1mbitos interculturales, y v\u00eda teleconferencia desde Espa\u00f1a, el arquitecto Enrique Rovira Beleta, un referente internacional que habl\u00f3 de la accesibilidad no percibida, haciendo referencia a todas las acciones que intencionalmente son pensadas para las personas con discapacidad pero que terminan beneficiando a todos.<\/p>\n<p align=\"LEFT\">Tambi\u00e9n se sumaron charlas a cargo del licenciado Juan Carlos Gonzalez de la Defensor\u00eda, profesores de la Universidad de Cuyo, y se abordaron diversos temas entre ellos los proyectos de accesibilidad tur\u00edstica en nuestro pa\u00eds tomando como ejemplo el caso de las Cataratas de Iguaz\u00fa, ciudad que est\u00e1 adaptada para que puedan vacacionar las personas con discapacidad.<\/p>\n<p align=\"LEFT\">Ambas jornadas tuvieron una gran asistencia del p\u00fablico mendocino que se mostraron muy participativos en los diferentes paneles. Por su parte las instituciones participantes se comprometieron a seguir trabajando para que se realicen m\u00e1s encuentros como este que colaboran para la reflexi\u00f3n y conocimiento de los derechos de las personas con discapacidad.<\/p>\n<p align=\"LEFT\"><a href=\"http:\/\/osepmendoza.com.ar\/web\/wp-content\/uploads\/2016\/12\/discapacidad-congreso-IMG_8536.jpg\"><img loading=\"lazy\" decoding=\"async\" class=\"aligncenter size-full wp-image-27392\" src=\"http:\/\/osepmendoza.com.ar\/web\/wp-content\/uploads\/2016\/12\/discapacidad-congreso-IMG_8536.jpg\" alt=\"discapacidad-congreso-IMG_8536\" width=\"1417\" height=\"945\" \/><\/a> <a href=\"http:\/\/osepmendoza.com.ar\/web\/wp-content\/uploads\/2016\/12\/discapacidad-congreso-IMG_8537.jpg\"><img loading=\"lazy\" decoding=\"async\" class=\"size-medium wp-image-27393 alignleft\" src=\"http:\/\/osepmendoza.com.ar\/web\/wp-content\/uploads\/2016\/12\/discapacidad-congreso-IMG_8537.jpg\" alt=\"discapacidad-congreso-IMG_8537\" width=\"300\" height=\"200\" \/><\/a> <a href=\"http:\/\/osepmendoza.com.ar\/web\/wp-content\/uploads\/2016\/12\/discapacidad-congreso-IMG_8539.jpg\"><img loading=\"lazy\" decoding=\"async\" class=\"size-medium wp-image-27394 alignright\" src=\"http:\/\/osepmendoza.com.ar\/web\/wp-content\/uploads\/2016\/12\/discapacidad-congreso-IMG_8539.jpg\" alt=\"discapacidad-congreso-IMG_8539\" width=\"300\" height=\"200\" \/><\/a><\/p>\n<p align=\"LEFT\">\n","protected":false},"excerpt":{"rendered":"<p>Se celebraron con \u00e9xito las Primeras Jornadas Provinciales de Promoci\u00f3n&#8230;<\/p>\n","protected":false},"author":9,"featured_media":0,"comment_status":"closed","ping_status":"closed","sticky":false,"template":"","format":"standard","meta":{"_acf_changed":false,"inline_featured_image":false,"_exactmetrics_skip_tracking":false,"_exactmetrics_sitenote_active":false,"_exactmetrics_sitenote_note":"","_exactmetrics_sitenote_category":0,"footnotes":"","_links_to":"","_links_to_target":""},"categories":[101],"tags":[],"class_list":["post-27389","post","type-post","status-publish","format-standard","hentry","category-noticias"],"acf":[],"yoast_head":"<!-- This site is optimized with the Yoast SEO plugin v27.4 - https:\/\/yoast.com\/product\/yoast-seo-wordpress\/ -->\n<title>OSEP presente en las Jornadas sobre Discapacidad - OSEP Mendoza<\/title>\n<meta name=\"robots\" content=\"index, follow, max-snippet:-1, max-image-preview:large, max-video-preview:-1\" \/>\n<link rel=\"canonical\" href=\"https:\/\/osepmendoza.com.ar\/web\/osep-presente-en-las-jornadas-sobre-discapacidad\/\" \/>\n<meta property=\"og:locale\" content=\"es_ES\" \/>\n<meta property=\"og:type\" content=\"article\" \/>\n<meta property=\"og:title\" content=\"OSEP presente en las Jornadas sobre Discapacidad - OSEP Mendoza\" \/>\n<meta property=\"og:description\" content=\"Se celebraron con \u00e9xito las Primeras Jornadas Provinciales de Promoci\u00f3n...\" \/>\n<meta property=\"og:url\" content=\"https:\/\/osepmendoza.com.ar\/web\/osep-presente-en-las-jornadas-sobre-discapacidad\/\" \/>\n<meta property=\"og:site_name\" content=\"OSEP Mendoza\" \/>\n<meta property=\"article:publisher\" content=\"https:\/\/www.facebook.com\/OSEP.MendozaArg\/\" \/>\n<meta property=\"article:published_time\" content=\"2016-12-14T19:02:12+00:00\" \/>\n<meta property=\"article:modified_time\" content=\"2018-12-17T14:52:31+00:00\" \/>\n<meta property=\"og:image\" content=\"http:\/\/osepmendoza.com.ar\/web\/wp-content\/uploads\/2016\/12\/discapacidad-congreso-IMG_8536.jpg\" \/>\n<meta name=\"author\" content=\"Natalia\" \/>\n<meta name=\"twitter:card\" content=\"summary_large_image\" \/>\n<meta name=\"twitter:creator\" content=\"@OsepMza\" \/>\n<meta name=\"twitter:site\" content=\"@OsepMza\" \/>\n<meta name=\"twitter:label1\" content=\"Escrito por\" \/>\n\t<meta name=\"twitter:data1\" content=\"Natalia\" \/>\n\t<meta name=\"twitter:label2\" content=\"Tiempo de lectura\" \/>\n\t<meta name=\"twitter:data2\" content=\"2 minutos\" \/>\n<script type=\"application\/ld+json\" class=\"yoast-schema-graph\">{\"@context\":\"https:\\\/\\\/schema.org\",\"@graph\":[{\"@type\":\"Article\",\"@id\":\"https:\\\/\\\/osepmendoza.com.ar\\\/web\\\/osep-presente-en-las-jornadas-sobre-discapacidad\\\/#article\",\"isPartOf\":{\"@id\":\"https:\\\/\\\/osepmendoza.com.ar\\\/web\\\/osep-presente-en-las-jornadas-sobre-discapacidad\\\/\"},\"author\":{\"name\":\"Natalia\",\"@id\":\"https:\\\/\\\/osepmendoza.com.ar\\\/web\\\/#\\\/schema\\\/person\\\/2590e96f8ad3beae7291ee632fea6f9a\"},\"headline\":\"OSEP presente en las Jornadas sobre Discapacidad\",\"datePublished\":\"2016-12-14T19:02:12+00:00\",\"dateModified\":\"2018-12-17T14:52:31+00:00\",\"mainEntityOfPage\":{\"@id\":\"https:\\\/\\\/osepmendoza.com.ar\\\/web\\\/osep-presente-en-las-jornadas-sobre-discapacidad\\\/\"},\"wordCount\":370,\"publisher\":{\"@id\":\"https:\\\/\\\/osepmendoza.com.ar\\\/web\\\/#organization\"},\"image\":{\"@id\":\"https:\\\/\\\/osepmendoza.com.ar\\\/web\\\/osep-presente-en-las-jornadas-sobre-discapacidad\\\/#primaryimage\"},\"thumbnailUrl\":\"http:\\\/\\\/osepmendoza.com.ar\\\/web\\\/wp-content\\\/uploads\\\/2016\\\/12\\\/discapacidad-congreso-IMG_8536.jpg\",\"articleSection\":[\"Noticias\"],\"inLanguage\":\"es\"},{\"@type\":\"WebPage\",\"@id\":\"https:\\\/\\\/osepmendoza.com.ar\\\/web\\\/osep-presente-en-las-jornadas-sobre-discapacidad\\\/\",\"url\":\"https:\\\/\\\/osepmendoza.com.ar\\\/web\\\/osep-presente-en-las-jornadas-sobre-discapacidad\\\/\",\"name\":\"OSEP presente en las Jornadas sobre Discapacidad - OSEP Mendoza\",\"isPartOf\":{\"@id\":\"https:\\\/\\\/osepmendoza.com.ar\\\/web\\\/#website\"},\"primaryImageOfPage\":{\"@id\":\"https:\\\/\\\/osepmendoza.com.ar\\\/web\\\/osep-presente-en-las-jornadas-sobre-discapacidad\\\/#primaryimage\"},\"image\":{\"@id\":\"https:\\\/\\\/osepmendoza.com.ar\\\/web\\\/osep-presente-en-las-jornadas-sobre-discapacidad\\\/#primaryimage\"},\"thumbnailUrl\":\"http:\\\/\\\/osepmendoza.com.ar\\\/web\\\/wp-content\\\/uploads\\\/2016\\\/12\\\/discapacidad-congreso-IMG_8536.jpg\",\"datePublished\":\"2016-12-14T19:02:12+00:00\",\"dateModified\":\"2018-12-17T14:52:31+00:00\",\"breadcrumb\":{\"@id\":\"https:\\\/\\\/osepmendoza.com.ar\\\/web\\\/osep-presente-en-las-jornadas-sobre-discapacidad\\\/#breadcrumb\"},\"inLanguage\":\"es\",\"potentialAction\":[{\"@type\":\"ReadAction\",\"target\":[\"https:\\\/\\\/osepmendoza.com.ar\\\/web\\\/osep-presente-en-las-jornadas-sobre-discapacidad\\\/\"]}]},{\"@type\":\"ImageObject\",\"inLanguage\":\"es\",\"@id\":\"https:\\\/\\\/osepmendoza.com.ar\\\/web\\\/osep-presente-en-las-jornadas-sobre-discapacidad\\\/#primaryimage\",\"url\":\"http:\\\/\\\/osepmendoza.com.ar\\\/web\\\/wp-content\\\/uploads\\\/2016\\\/12\\\/discapacidad-congreso-IMG_8536.jpg\",\"contentUrl\":\"http:\\\/\\\/osepmendoza.com.ar\\\/web\\\/wp-content\\\/uploads\\\/2016\\\/12\\\/discapacidad-congreso-IMG_8536.jpg\"},{\"@type\":\"BreadcrumbList\",\"@id\":\"https:\\\/\\\/osepmendoza.com.ar\\\/web\\\/osep-presente-en-las-jornadas-sobre-discapacidad\\\/#breadcrumb\",\"itemListElement\":[{\"@type\":\"ListItem\",\"position\":1,\"name\":\"Portada\",\"item\":\"https:\\\/\\\/osepmendoza.com.ar\\\/web\\\/\"},{\"@type\":\"ListItem\",\"position\":2,\"name\":\"OSEP presente en las Jornadas sobre Discapacidad\"}]},{\"@type\":\"WebSite\",\"@id\":\"https:\\\/\\\/osepmendoza.com.ar\\\/web\\\/#website\",\"url\":\"https:\\\/\\\/osepmendoza.com.ar\\\/web\\\/\",\"name\":\"OSEP Mendoza\",\"description\":\"Obra Social de los Empleados P\u00fablicos de Mendoza\",\"publisher\":{\"@id\":\"https:\\\/\\\/osepmendoza.com.ar\\\/web\\\/#organization\"},\"potentialAction\":[{\"@type\":\"SearchAction\",\"target\":{\"@type\":\"EntryPoint\",\"urlTemplate\":\"https:\\\/\\\/osepmendoza.com.ar\\\/web\\\/?s={search_term_string}\"},\"query-input\":{\"@type\":\"PropertyValueSpecification\",\"valueRequired\":true,\"valueName\":\"search_term_string\"}}],\"inLanguage\":\"es\"},{\"@type\":\"Organization\",\"@id\":\"https:\\\/\\\/osepmendoza.com.ar\\\/web\\\/#organization\",\"name\":\"OSEP - Obra Social de Empleados P\u00fablicos de Mendoza\",\"url\":\"https:\\\/\\\/osepmendoza.com.ar\\\/web\\\/\",\"logo\":{\"@type\":\"ImageObject\",\"inLanguage\":\"es\",\"@id\":\"https:\\\/\\\/osepmendoza.com.ar\\\/web\\\/#\\\/schema\\\/logo\\\/image\\\/\",\"url\":\"https:\\\/\\\/osepmendoza.com.ar\\\/web\\\/wp-content\\\/uploads\\\/2020\\\/04\\\/lkTM9T9z.jpg\",\"contentUrl\":\"https:\\\/\\\/osepmendoza.com.ar\\\/web\\\/wp-content\\\/uploads\\\/2020\\\/04\\\/lkTM9T9z.jpg\",\"width\":334,\"height\":334,\"caption\":\"OSEP - Obra Social de Empleados P\u00fablicos de Mendoza\"},\"image\":{\"@id\":\"https:\\\/\\\/osepmendoza.com.ar\\\/web\\\/#\\\/schema\\\/logo\\\/image\\\/\"},\"sameAs\":[\"https:\\\/\\\/www.facebook.com\\\/OSEP.MendozaArg\\\/\",\"https:\\\/\\\/x.com\\\/OsepMza\",\"https:\\\/\\\/www.instagram.com\\\/osep.mendoza\\\/\",\"https:\\\/\\\/www.youtube.com\\\/user\\\/osepvideos\"]},{\"@type\":\"Person\",\"@id\":\"https:\\\/\\\/osepmendoza.com.ar\\\/web\\\/#\\\/schema\\\/person\\\/2590e96f8ad3beae7291ee632fea6f9a\",\"name\":\"Natalia\",\"image\":{\"@type\":\"ImageObject\",\"inLanguage\":\"es\",\"@id\":\"https:\\\/\\\/secure.gravatar.com\\\/avatar\\\/7ff3d3b56137b46f328f9afe7b1d2a340581d3390d9774896e20f3d7f8d9258c?s=96&d=mm&r=g\",\"url\":\"https:\\\/\\\/secure.gravatar.com\\\/avatar\\\/7ff3d3b56137b46f328f9afe7b1d2a340581d3390d9774896e20f3d7f8d9258c?s=96&d=mm&r=g\",\"contentUrl\":\"https:\\\/\\\/secure.gravatar.com\\\/avatar\\\/7ff3d3b56137b46f328f9afe7b1d2a340581d3390d9774896e20f3d7f8d9258c?s=96&d=mm&r=g\",\"caption\":\"Natalia\"},\"sameAs\":[\"http:\\\/\\\/osepmendoza.com.ar\\\/web\"]}]}<\/script>\n<!-- \/ Yoast SEO plugin. -->","yoast_head_json":{"title":"OSEP presente en las Jornadas sobre Discapacidad - OSEP Mendoza","robots":{"index":"index","follow":"follow","max-snippet":"max-snippet:-1","max-image-preview":"max-image-preview:large","max-video-preview":"max-video-preview:-1"},"canonical":"https:\/\/osepmendoza.com.ar\/web\/osep-presente-en-las-jornadas-sobre-discapacidad\/","og_locale":"es_ES","og_type":"article","og_title":"OSEP presente en las Jornadas sobre Discapacidad - OSEP Mendoza","og_description":"Se celebraron con \u00e9xito las Primeras Jornadas Provinciales de Promoci\u00f3n...","og_url":"https:\/\/osepmendoza.com.ar\/web\/osep-presente-en-las-jornadas-sobre-discapacidad\/","og_site_name":"OSEP Mendoza","article_publisher":"https:\/\/www.facebook.com\/OSEP.MendozaArg\/","article_published_time":"2016-12-14T19:02:12+00:00","article_modified_time":"2018-12-17T14:52:31+00:00","og_image":[{"url":"http:\/\/osepmendoza.com.ar\/web\/wp-content\/uploads\/2016\/12\/discapacidad-congreso-IMG_8536.jpg","type":"","width":"","height":""}],"author":"Natalia","twitter_card":"summary_large_image","twitter_creator":"@OsepMza","twitter_site":"@OsepMza","twitter_misc":{"Escrito por":"Natalia","Tiempo de lectura":"2 minutos"},"schema":{"@context":"https:\/\/schema.org","@graph":[{"@type":"Article","@id":"https:\/\/osepmendoza.com.ar\/web\/osep-presente-en-las-jornadas-sobre-discapacidad\/#article","isPartOf":{"@id":"https:\/\/osepmendoza.com.ar\/web\/osep-presente-en-las-jornadas-sobre-discapacidad\/"},"author":{"name":"Natalia","@id":"https:\/\/osepmendoza.com.ar\/web\/#\/schema\/person\/2590e96f8ad3beae7291ee632fea6f9a"},"headline":"OSEP presente en las Jornadas sobre Discapacidad","datePublished":"2016-12-14T19:02:12+00:00","dateModified":"2018-12-17T14:52:31+00:00","mainEntityOfPage":{"@id":"https:\/\/osepmendoza.com.ar\/web\/osep-presente-en-las-jornadas-sobre-discapacidad\/"},"wordCount":370,"publisher":{"@id":"https:\/\/osepmendoza.com.ar\/web\/#organization"},"image":{"@id":"https:\/\/osepmendoza.com.ar\/web\/osep-presente-en-las-jornadas-sobre-discapacidad\/#primaryimage"},"thumbnailUrl":"http:\/\/osepmendoza.com.ar\/web\/wp-content\/uploads\/2016\/12\/discapacidad-congreso-IMG_8536.jpg","articleSection":["Noticias"],"inLanguage":"es"},{"@type":"WebPage","@id":"https:\/\/osepmendoza.com.ar\/web\/osep-presente-en-las-jornadas-sobre-discapacidad\/","url":"https:\/\/osepmendoza.com.ar\/web\/osep-presente-en-las-jornadas-sobre-discapacidad\/","name":"OSEP presente en las Jornadas sobre Discapacidad - OSEP Mendoza","isPartOf":{"@id":"https:\/\/osepmendoza.com.ar\/web\/#website"},"primaryImageOfPage":{"@id":"https:\/\/osepmendoza.com.ar\/web\/osep-presente-en-las-jornadas-sobre-discapacidad\/#primaryimage"},"image":{"@id":"https:\/\/osepmendoza.com.ar\/web\/osep-presente-en-las-jornadas-sobre-discapacidad\/#primaryimage"},"thumbnailUrl":"http:\/\/osepmendoza.com.ar\/web\/wp-content\/uploads\/2016\/12\/discapacidad-congreso-IMG_8536.jpg","datePublished":"2016-12-14T19:02:12+00:00","dateModified":"2018-12-17T14:52:31+00:00","breadcrumb":{"@id":"https:\/\/osepmendoza.com.ar\/web\/osep-presente-en-las-jornadas-sobre-discapacidad\/#breadcrumb"},"inLanguage":"es","potentialAction":[{"@type":"ReadAction","target":["https:\/\/osepmendoza.com.ar\/web\/osep-presente-en-las-jornadas-sobre-discapacidad\/"]}]},{"@type":"ImageObject","inLanguage":"es","@id":"https:\/\/osepmendoza.com.ar\/web\/osep-presente-en-las-jornadas-sobre-discapacidad\/#primaryimage","url":"http:\/\/osepmendoza.com.ar\/web\/wp-content\/uploads\/2016\/12\/discapacidad-congreso-IMG_8536.jpg","contentUrl":"http:\/\/osepmendoza.com.ar\/web\/wp-content\/uploads\/2016\/12\/discapacidad-congreso-IMG_8536.jpg"},{"@type":"BreadcrumbList","@id":"https:\/\/osepmendoza.com.ar\/web\/osep-presente-en-las-jornadas-sobre-discapacidad\/#breadcrumb","itemListElement":[{"@type":"ListItem","position":1,"name":"Portada","item":"https:\/\/osepmendoza.com.ar\/web\/"},{"@type":"ListItem","position":2,"name":"OSEP presente en las Jornadas sobre Discapacidad"}]},{"@type":"WebSite","@id":"https:\/\/osepmendoza.com.ar\/web\/#website","url":"https:\/\/osepmendoza.com.ar\/web\/","name":"OSEP Mendoza","description":"Obra Social de los Empleados P\u00fablicos de Mendoza","publisher":{"@id":"https:\/\/osepmendoza.com.ar\/web\/#organization"},"potentialAction":[{"@type":"SearchAction","target":{"@type":"EntryPoint","urlTemplate":"https:\/\/osepmendoza.com.ar\/web\/?s={search_term_string}"},"query-input":{"@type":"PropertyValueSpecification","valueRequired":true,"valueName":"search_term_string"}}],"inLanguage":"es"},{"@type":"Organization","@id":"https:\/\/osepmendoza.com.ar\/web\/#organization","name":"OSEP - Obra Social de Empleados P\u00fablicos de Mendoza","url":"https:\/\/osepmendoza.com.ar\/web\/","logo":{"@type":"ImageObject","inLanguage":"es","@id":"https:\/\/osepmendoza.com.ar\/web\/#\/schema\/logo\/image\/","url":"https:\/\/osepmendoza.com.ar\/web\/wp-content\/uploads\/2020\/04\/lkTM9T9z.jpg","contentUrl":"https:\/\/osepmendoza.com.ar\/web\/wp-content\/uploads\/2020\/04\/lkTM9T9z.jpg","width":334,"height":334,"caption":"OSEP - Obra Social de Empleados P\u00fablicos de Mendoza"},"image":{"@id":"https:\/\/osepmendoza.com.ar\/web\/#\/schema\/logo\/image\/"},"sameAs":["https:\/\/www.facebook.com\/OSEP.MendozaArg\/","https:\/\/x.com\/OsepMza","https:\/\/www.instagram.com\/osep.mendoza\/","https:\/\/www.youtube.com\/user\/osepvideos"]},{"@type":"Person","@id":"https:\/\/osepmendoza.com.ar\/web\/#\/schema\/person\/2590e96f8ad3beae7291ee632fea6f9a","name":"Natalia","image":{"@type":"ImageObject","inLanguage":"es","@id":"https:\/\/secure.gravatar.com\/avatar\/7ff3d3b56137b46f328f9afe7b1d2a340581d3390d9774896e20f3d7f8d9258c?s=96&d=mm&r=g","url":"https:\/\/secure.gravatar.com\/avatar\/7ff3d3b56137b46f328f9afe7b1d2a340581d3390d9774896e20f3d7f8d9258c?s=96&d=mm&r=g","contentUrl":"https:\/\/secure.gravatar.com\/avatar\/7ff3d3b56137b46f328f9afe7b1d2a340581d3390d9774896e20f3d7f8d9258c?s=96&d=mm&r=g","caption":"Natalia"},"sameAs":["http:\/\/osepmendoza.com.ar\/web"]}]}},"amp_enabled":true,"_links":{"self":[{"href":"https:\/\/osepmendoza.com.ar\/web\/wp-json\/wp\/v2\/posts\/27389","targetHints":{"allow":["GET"]}}],"collection":[{"href":"https:\/\/osepmendoza.com.ar\/web\/wp-json\/wp\/v2\/posts"}],"about":[{"href":"https:\/\/osepmendoza.com.ar\/web\/wp-json\/wp\/v2\/types\/post"}],"author":[{"embeddable":true,"href":"https:\/\/osepmendoza.com.ar\/web\/wp-json\/wp\/v2\/users\/9"}],"replies":[{"embeddable":true,"href":"https:\/\/osepmendoza.com.ar\/web\/wp-json\/wp\/v2\/comments?post=27389"}],"version-history":[{"count":1,"href":"https:\/\/osepmendoza.com.ar\/web\/wp-json\/wp\/v2\/posts\/27389\/revisions"}],"predecessor-version":[{"id":35920,"href":"https:\/\/osepmendoza.com.ar\/web\/wp-json\/wp\/v2\/posts\/27389\/revisions\/35920"}],"wp:attachment":[{"href":"https:\/\/osepmendoza.com.ar\/web\/wp-json\/wp\/v2\/media?parent=27389"}],"wp:term":[{"taxonomy":"category","embeddable":true,"href":"https:\/\/osepmendoza.com.ar\/web\/wp-json\/wp\/v2\/categories?post=27389"},{"taxonomy":"post_tag","embeddable":true,"href":"https:\/\/osepmendoza.com.ar\/web\/wp-json\/wp\/v2\/tags?post=27389"}],"curies":[{"name":"wp","href":"https:\/\/api.w.org\/{rel}","templated":true}]}}