{"id":27351,"date":"2016-12-13T18:14:39","date_gmt":"2016-12-13T18:14:39","guid":{"rendered":"http:\/\/osepmendoza.com.ar\/web\/?p=27351"},"modified":"2018-12-17T11:52:31","modified_gmt":"2018-12-17T14:52:31","slug":"gran-cierre-para-el-taller-de-envejecimiento-exitoso","status":"publish","type":"post","link":"https:\/\/osepmendoza.com.ar\/web\/gran-cierre-para-el-taller-de-envejecimiento-exitoso\/","title":{"rendered":"Gran cierre para los Talleres de Prevenci\u00f3n y Promoci\u00f3n del Envejecimiento Saludable"},"content":{"rendered":"<p><strong>La celebraci\u00f3n se llev\u00f3 a cabo en el SUM I del edificio Xeltahuina, Salta 877, Ciudad y cont\u00f3 con una gran concurrencia de adultos mayores. All\u00ed los asistentes pudieron disfrutar de un espect\u00e1culo musical a cargo del Coro de OSEP, m\u00e1s un n\u00famero de rap y otro de humor, preparados por un grupo de participantes de estos talleres.<\/strong><\/p>\n<p>El director General de la Obra Social particip\u00f3 del cierre de los talleres de Envejecimiento Saludable, que coordina la doctora Paula Fachinelli y promueve el Departamento de Gesti\u00f3n de Pol\u00edticas Sociales para el Adulto Mayor, a cargo de la licenciada Viviana Lasagni.<\/p>\n<p><a href=\"http:\/\/osepmendoza.com.ar\/web\/wp-content\/uploads\/2016\/12\/foto6.jpg\"><img loading=\"lazy\" decoding=\"async\" class=\"alignnone size-full wp-image-27352\" src=\"http:\/\/osepmendoza.com.ar\/web\/wp-content\/uploads\/2016\/12\/foto6.jpg\" alt=\"foto6\" width=\"3264\" height=\"1836\" \/><\/a><\/p>\n<p>Estas actividades\u00a0 se realizan todas las <span id=\"OBJ_PREFIX_DWT120_com_zimbra_date\" class=\"Object\"><span id=\"OBJ_PREFIX_DWT121_com_zimbra_date\" class=\"Object\"><span id=\"OBJ_PREFIX_DWT122_com_zimbra_date\" class=\"Object\">semanas,<\/span><\/span><\/span> en el edificio Xeltahuina y su objetivo es ampliar la red de contenci\u00f3n de los mayores y favorecer su socializaci\u00f3n a fin de disminuir sentimientos de soledad y angustia. Adem\u00e1s, permite incorporar nuevos aprendizajes y conocer el patrimonio cultural de la provincia ya que todos los meses se realizan excursiones y salidas sociorecreativas a distintos lugares emblem\u00e1ticos de Mendoza.<\/p>\n<p>Para el titular de OSEP, se trata de un espacio propio para los adultos mayores de la Obra Social desde donde \u201ccontribuimos a su bienestar psicof\u00edsicosocial, a una vejez saludable y en las mejores condiciones posibles\u201d.<br \/>\nVergara agradeci\u00f3 la participaci\u00f3n y el esfuerzo de los afiliados y destac\u00f3 el accionar del equipo de profesionales que trabajan en el \u00e1rea.<\/p>\n<p>Cabe destacar que, desde marzo, los asistentes adem\u00e1s de participar de distintos talleres \u00a0han realizado visitas guiadas a la Bodega L\u00f3pez, Teatro Independencia, Acuario Municipal, Memorial de la Bandera y los museos Cornelio Moyano, Ferroviario, Hist\u00f3rico Cuyano, \u00c1rea Fundacional y de la Educaci\u00f3n.<\/p>\n<p>Los participantes agasajaron por \u00faltimo al equipo interdisciplinario de profesionales y compartieron un \u00e1gape.<\/p>\n<p><strong>Actividades para adultos mayores:<\/strong><br \/>\nT\u00e9cnicas de relajaci\u00f3n<br \/>\nPrevenci\u00f3n de ca\u00eddas<br \/>\nEnvejecimiento exitoso<br \/>\nEstimulaci\u00f3n cognitiva \u2013 Memoria<br \/>\nNutrici\u00f3n y h\u00e1bitos saludables<br \/>\nDuelo y viudez<br \/>\nTaller de los sentidos<br \/>\nTaller de prevenci\u00f3n de mareos y v\u00e9rtigo<br \/>\nTaller de Internet<br \/>\nCine Debate<br \/>\nReuni\u00f3n con centros de jubilados<br \/>\nActividad socio-recreativa mensual<\/p>\n<p><strong>Para m\u00e1s Informaci\u00f3n<\/strong><\/p>\n<p>Departamento de Gesti\u00f3n de Pol\u00edticas Sociales para el Adulto Mayor<br \/>\nRondeau 322, Ciudad<br \/>\nTel: 4615105<\/p>\n\n","protected":false},"excerpt":{"rendered":"<p>La celebraci\u00f3n se llev\u00f3 a cabo en el SUM I&#8230;<\/p>\n","protected":false},"author":12,"featured_media":0,"comment_status":"closed","ping_status":"closed","sticky":false,"template":"","format":"standard","meta":{"_acf_changed":false,"inline_featured_image":false,"_exactmetrics_skip_tracking":false,"_exactmetrics_sitenote_active":false,"_exactmetrics_sitenote_note":"","_exactmetrics_sitenote_category":0,"footnotes":"","_links_to":"","_links_to_target":""},"categories":[101],"tags":[],"class_list":["post-27351","post","type-post","status-publish","format-standard","hentry","category-noticias"],"acf":[],"yoast_head":"<!-- This site is optimized with the Yoast SEO plugin v27.4 - https:\/\/yoast.com\/product\/yoast-seo-wordpress\/ -->\n<title>Gran cierre para los Talleres de Prevenci\u00f3n y Promoci\u00f3n del Envejecimiento Saludable - OSEP Mendoza<\/title>\n<meta name=\"robots\" content=\"index, follow, max-snippet:-1, max-image-preview:large, max-video-preview:-1\" \/>\n<link rel=\"canonical\" href=\"https:\/\/osepmendoza.com.ar\/web\/gran-cierre-para-el-taller-de-envejecimiento-exitoso\/\" \/>\n<meta property=\"og:locale\" content=\"es_ES\" \/>\n<meta property=\"og:type\" content=\"article\" \/>\n<meta property=\"og:title\" content=\"Gran cierre para los Talleres de Prevenci\u00f3n y Promoci\u00f3n del Envejecimiento Saludable - OSEP Mendoza\" \/>\n<meta property=\"og:description\" content=\"La celebraci\u00f3n se llev\u00f3 a cabo en el SUM I...\" \/>\n<meta property=\"og:url\" content=\"https:\/\/osepmendoza.com.ar\/web\/gran-cierre-para-el-taller-de-envejecimiento-exitoso\/\" \/>\n<meta property=\"og:site_name\" content=\"OSEP Mendoza\" \/>\n<meta property=\"article:publisher\" content=\"https:\/\/www.facebook.com\/OSEP.MendozaArg\/\" \/>\n<meta property=\"article:published_time\" content=\"2016-12-13T18:14:39+00:00\" \/>\n<meta property=\"article:modified_time\" content=\"2018-12-17T14:52:31+00:00\" \/>\n<meta property=\"og:image\" content=\"http:\/\/osepmendoza.com.ar\/web\/wp-content\/uploads\/2016\/12\/foto6.jpg\" \/>\n<meta name=\"author\" content=\"Sebastian Fernandez\" \/>\n<meta name=\"twitter:card\" content=\"summary_large_image\" \/>\n<meta name=\"twitter:creator\" content=\"@OsepMza\" \/>\n<meta name=\"twitter:site\" content=\"@OsepMza\" \/>\n<meta name=\"twitter:label1\" content=\"Escrito por\" \/>\n\t<meta name=\"twitter:data1\" content=\"Sebastian Fernandez\" \/>\n\t<meta name=\"twitter:label2\" content=\"Tiempo de lectura\" \/>\n\t<meta name=\"twitter:data2\" content=\"2 minutos\" \/>\n<script type=\"application\/ld+json\" class=\"yoast-schema-graph\">{\"@context\":\"https:\\\/\\\/schema.org\",\"@graph\":[{\"@type\":\"Article\",\"@id\":\"https:\\\/\\\/osepmendoza.com.ar\\\/web\\\/gran-cierre-para-el-taller-de-envejecimiento-exitoso\\\/#article\",\"isPartOf\":{\"@id\":\"https:\\\/\\\/osepmendoza.com.ar\\\/web\\\/gran-cierre-para-el-taller-de-envejecimiento-exitoso\\\/\"},\"author\":{\"name\":\"Sebastian Fernandez\",\"@id\":\"https:\\\/\\\/osepmendoza.com.ar\\\/web\\\/#\\\/schema\\\/person\\\/90986df7128a51e32bb66102fc247eb2\"},\"headline\":\"Gran cierre para los Talleres de Prevenci\u00f3n y Promoci\u00f3n del Envejecimiento Saludable\",\"datePublished\":\"2016-12-13T18:14:39+00:00\",\"dateModified\":\"2018-12-17T14:52:31+00:00\",\"mainEntityOfPage\":{\"@id\":\"https:\\\/\\\/osepmendoza.com.ar\\\/web\\\/gran-cierre-para-el-taller-de-envejecimiento-exitoso\\\/\"},\"wordCount\":389,\"publisher\":{\"@id\":\"https:\\\/\\\/osepmendoza.com.ar\\\/web\\\/#organization\"},\"image\":{\"@id\":\"https:\\\/\\\/osepmendoza.com.ar\\\/web\\\/gran-cierre-para-el-taller-de-envejecimiento-exitoso\\\/#primaryimage\"},\"thumbnailUrl\":\"http:\\\/\\\/osepmendoza.com.ar\\\/web\\\/wp-content\\\/uploads\\\/2016\\\/12\\\/foto6.jpg\",\"articleSection\":[\"Noticias\"],\"inLanguage\":\"es\"},{\"@type\":\"WebPage\",\"@id\":\"https:\\\/\\\/osepmendoza.com.ar\\\/web\\\/gran-cierre-para-el-taller-de-envejecimiento-exitoso\\\/\",\"url\":\"https:\\\/\\\/osepmendoza.com.ar\\\/web\\\/gran-cierre-para-el-taller-de-envejecimiento-exitoso\\\/\",\"name\":\"Gran cierre para los Talleres de Prevenci\u00f3n y Promoci\u00f3n del Envejecimiento Saludable - OSEP Mendoza\",\"isPartOf\":{\"@id\":\"https:\\\/\\\/osepmendoza.com.ar\\\/web\\\/#website\"},\"primaryImageOfPage\":{\"@id\":\"https:\\\/\\\/osepmendoza.com.ar\\\/web\\\/gran-cierre-para-el-taller-de-envejecimiento-exitoso\\\/#primaryimage\"},\"image\":{\"@id\":\"https:\\\/\\\/osepmendoza.com.ar\\\/web\\\/gran-cierre-para-el-taller-de-envejecimiento-exitoso\\\/#primaryimage\"},\"thumbnailUrl\":\"http:\\\/\\\/osepmendoza.com.ar\\\/web\\\/wp-content\\\/uploads\\\/2016\\\/12\\\/foto6.jpg\",\"datePublished\":\"2016-12-13T18:14:39+00:00\",\"dateModified\":\"2018-12-17T14:52:31+00:00\",\"breadcrumb\":{\"@id\":\"https:\\\/\\\/osepmendoza.com.ar\\\/web\\\/gran-cierre-para-el-taller-de-envejecimiento-exitoso\\\/#breadcrumb\"},\"inLanguage\":\"es\",\"potentialAction\":[{\"@type\":\"ReadAction\",\"target\":[\"https:\\\/\\\/osepmendoza.com.ar\\\/web\\\/gran-cierre-para-el-taller-de-envejecimiento-exitoso\\\/\"]}]},{\"@type\":\"ImageObject\",\"inLanguage\":\"es\",\"@id\":\"https:\\\/\\\/osepmendoza.com.ar\\\/web\\\/gran-cierre-para-el-taller-de-envejecimiento-exitoso\\\/#primaryimage\",\"url\":\"http:\\\/\\\/osepmendoza.com.ar\\\/web\\\/wp-content\\\/uploads\\\/2016\\\/12\\\/foto6.jpg\",\"contentUrl\":\"http:\\\/\\\/osepmendoza.com.ar\\\/web\\\/wp-content\\\/uploads\\\/2016\\\/12\\\/foto6.jpg\"},{\"@type\":\"BreadcrumbList\",\"@id\":\"https:\\\/\\\/osepmendoza.com.ar\\\/web\\\/gran-cierre-para-el-taller-de-envejecimiento-exitoso\\\/#breadcrumb\",\"itemListElement\":[{\"@type\":\"ListItem\",\"position\":1,\"name\":\"Portada\",\"item\":\"https:\\\/\\\/osepmendoza.com.ar\\\/web\\\/\"},{\"@type\":\"ListItem\",\"position\":2,\"name\":\"Gran cierre para los Talleres de Prevenci\u00f3n y Promoci\u00f3n del Envejecimiento Saludable\"}]},{\"@type\":\"WebSite\",\"@id\":\"https:\\\/\\\/osepmendoza.com.ar\\\/web\\\/#website\",\"url\":\"https:\\\/\\\/osepmendoza.com.ar\\\/web\\\/\",\"name\":\"OSEP Mendoza\",\"description\":\"Obra Social de los Empleados P\u00fablicos de Mendoza\",\"publisher\":{\"@id\":\"https:\\\/\\\/osepmendoza.com.ar\\\/web\\\/#organization\"},\"potentialAction\":[{\"@type\":\"SearchAction\",\"target\":{\"@type\":\"EntryPoint\",\"urlTemplate\":\"https:\\\/\\\/osepmendoza.com.ar\\\/web\\\/?s={search_term_string}\"},\"query-input\":{\"@type\":\"PropertyValueSpecification\",\"valueRequired\":true,\"valueName\":\"search_term_string\"}}],\"inLanguage\":\"es\"},{\"@type\":\"Organization\",\"@id\":\"https:\\\/\\\/osepmendoza.com.ar\\\/web\\\/#organization\",\"name\":\"OSEP - Obra Social de Empleados P\u00fablicos de Mendoza\",\"url\":\"https:\\\/\\\/osepmendoza.com.ar\\\/web\\\/\",\"logo\":{\"@type\":\"ImageObject\",\"inLanguage\":\"es\",\"@id\":\"https:\\\/\\\/osepmendoza.com.ar\\\/web\\\/#\\\/schema\\\/logo\\\/image\\\/\",\"url\":\"https:\\\/\\\/osepmendoza.com.ar\\\/web\\\/wp-content\\\/uploads\\\/2020\\\/04\\\/lkTM9T9z.jpg\",\"contentUrl\":\"https:\\\/\\\/osepmendoza.com.ar\\\/web\\\/wp-content\\\/uploads\\\/2020\\\/04\\\/lkTM9T9z.jpg\",\"width\":334,\"height\":334,\"caption\":\"OSEP - Obra Social de Empleados P\u00fablicos de Mendoza\"},\"image\":{\"@id\":\"https:\\\/\\\/osepmendoza.com.ar\\\/web\\\/#\\\/schema\\\/logo\\\/image\\\/\"},\"sameAs\":[\"https:\\\/\\\/www.facebook.com\\\/OSEP.MendozaArg\\\/\",\"https:\\\/\\\/x.com\\\/OsepMza\",\"https:\\\/\\\/www.instagram.com\\\/osep.mendoza\\\/\",\"https:\\\/\\\/www.youtube.com\\\/user\\\/osepvideos\"]},{\"@type\":\"Person\",\"@id\":\"https:\\\/\\\/osepmendoza.com.ar\\\/web\\\/#\\\/schema\\\/person\\\/90986df7128a51e32bb66102fc247eb2\",\"name\":\"Sebastian Fernandez\",\"image\":{\"@type\":\"ImageObject\",\"inLanguage\":\"es\",\"@id\":\"https:\\\/\\\/secure.gravatar.com\\\/avatar\\\/cc42d53caabe846896e06ed8955a60e82b2b829babcb731f86f26c42378bcfec?s=96&d=mm&r=g\",\"url\":\"https:\\\/\\\/secure.gravatar.com\\\/avatar\\\/cc42d53caabe846896e06ed8955a60e82b2b829babcb731f86f26c42378bcfec?s=96&d=mm&r=g\",\"contentUrl\":\"https:\\\/\\\/secure.gravatar.com\\\/avatar\\\/cc42d53caabe846896e06ed8955a60e82b2b829babcb731f86f26c42378bcfec?s=96&d=mm&r=g\",\"caption\":\"Sebastian Fernandez\"},\"sameAs\":[\"http:\\\/\\\/osepmendoza.com.ar\\\/web\"]}]}<\/script>\n<!-- \/ Yoast SEO plugin. -->","yoast_head_json":{"title":"Gran cierre para los Talleres de Prevenci\u00f3n y Promoci\u00f3n del Envejecimiento Saludable - OSEP Mendoza","robots":{"index":"index","follow":"follow","max-snippet":"max-snippet:-1","max-image-preview":"max-image-preview:large","max-video-preview":"max-video-preview:-1"},"canonical":"https:\/\/osepmendoza.com.ar\/web\/gran-cierre-para-el-taller-de-envejecimiento-exitoso\/","og_locale":"es_ES","og_type":"article","og_title":"Gran cierre para los Talleres de Prevenci\u00f3n y Promoci\u00f3n del Envejecimiento Saludable - OSEP Mendoza","og_description":"La celebraci\u00f3n se llev\u00f3 a cabo en el SUM I...","og_url":"https:\/\/osepmendoza.com.ar\/web\/gran-cierre-para-el-taller-de-envejecimiento-exitoso\/","og_site_name":"OSEP Mendoza","article_publisher":"https:\/\/www.facebook.com\/OSEP.MendozaArg\/","article_published_time":"2016-12-13T18:14:39+00:00","article_modified_time":"2018-12-17T14:52:31+00:00","og_image":[{"url":"http:\/\/osepmendoza.com.ar\/web\/wp-content\/uploads\/2016\/12\/foto6.jpg","type":"","width":"","height":""}],"author":"Sebastian Fernandez","twitter_card":"summary_large_image","twitter_creator":"@OsepMza","twitter_site":"@OsepMza","twitter_misc":{"Escrito por":"Sebastian Fernandez","Tiempo de lectura":"2 minutos"},"schema":{"@context":"https:\/\/schema.org","@graph":[{"@type":"Article","@id":"https:\/\/osepmendoza.com.ar\/web\/gran-cierre-para-el-taller-de-envejecimiento-exitoso\/#article","isPartOf":{"@id":"https:\/\/osepmendoza.com.ar\/web\/gran-cierre-para-el-taller-de-envejecimiento-exitoso\/"},"author":{"name":"Sebastian Fernandez","@id":"https:\/\/osepmendoza.com.ar\/web\/#\/schema\/person\/90986df7128a51e32bb66102fc247eb2"},"headline":"Gran cierre para los Talleres de Prevenci\u00f3n y Promoci\u00f3n del Envejecimiento Saludable","datePublished":"2016-12-13T18:14:39+00:00","dateModified":"2018-12-17T14:52:31+00:00","mainEntityOfPage":{"@id":"https:\/\/osepmendoza.com.ar\/web\/gran-cierre-para-el-taller-de-envejecimiento-exitoso\/"},"wordCount":389,"publisher":{"@id":"https:\/\/osepmendoza.com.ar\/web\/#organization"},"image":{"@id":"https:\/\/osepmendoza.com.ar\/web\/gran-cierre-para-el-taller-de-envejecimiento-exitoso\/#primaryimage"},"thumbnailUrl":"http:\/\/osepmendoza.com.ar\/web\/wp-content\/uploads\/2016\/12\/foto6.jpg","articleSection":["Noticias"],"inLanguage":"es"},{"@type":"WebPage","@id":"https:\/\/osepmendoza.com.ar\/web\/gran-cierre-para-el-taller-de-envejecimiento-exitoso\/","url":"https:\/\/osepmendoza.com.ar\/web\/gran-cierre-para-el-taller-de-envejecimiento-exitoso\/","name":"Gran cierre para los Talleres de Prevenci\u00f3n y Promoci\u00f3n del Envejecimiento Saludable - OSEP Mendoza","isPartOf":{"@id":"https:\/\/osepmendoza.com.ar\/web\/#website"},"primaryImageOfPage":{"@id":"https:\/\/osepmendoza.com.ar\/web\/gran-cierre-para-el-taller-de-envejecimiento-exitoso\/#primaryimage"},"image":{"@id":"https:\/\/osepmendoza.com.ar\/web\/gran-cierre-para-el-taller-de-envejecimiento-exitoso\/#primaryimage"},"thumbnailUrl":"http:\/\/osepmendoza.com.ar\/web\/wp-content\/uploads\/2016\/12\/foto6.jpg","datePublished":"2016-12-13T18:14:39+00:00","dateModified":"2018-12-17T14:52:31+00:00","breadcrumb":{"@id":"https:\/\/osepmendoza.com.ar\/web\/gran-cierre-para-el-taller-de-envejecimiento-exitoso\/#breadcrumb"},"inLanguage":"es","potentialAction":[{"@type":"ReadAction","target":["https:\/\/osepmendoza.com.ar\/web\/gran-cierre-para-el-taller-de-envejecimiento-exitoso\/"]}]},{"@type":"ImageObject","inLanguage":"es","@id":"https:\/\/osepmendoza.com.ar\/web\/gran-cierre-para-el-taller-de-envejecimiento-exitoso\/#primaryimage","url":"http:\/\/osepmendoza.com.ar\/web\/wp-content\/uploads\/2016\/12\/foto6.jpg","contentUrl":"http:\/\/osepmendoza.com.ar\/web\/wp-content\/uploads\/2016\/12\/foto6.jpg"},{"@type":"BreadcrumbList","@id":"https:\/\/osepmendoza.com.ar\/web\/gran-cierre-para-el-taller-de-envejecimiento-exitoso\/#breadcrumb","itemListElement":[{"@type":"ListItem","position":1,"name":"Portada","item":"https:\/\/osepmendoza.com.ar\/web\/"},{"@type":"ListItem","position":2,"name":"Gran cierre para los Talleres de Prevenci\u00f3n y Promoci\u00f3n del Envejecimiento Saludable"}]},{"@type":"WebSite","@id":"https:\/\/osepmendoza.com.ar\/web\/#website","url":"https:\/\/osepmendoza.com.ar\/web\/","name":"OSEP Mendoza","description":"Obra Social de los Empleados P\u00fablicos de Mendoza","publisher":{"@id":"https:\/\/osepmendoza.com.ar\/web\/#organization"},"potentialAction":[{"@type":"SearchAction","target":{"@type":"EntryPoint","urlTemplate":"https:\/\/osepmendoza.com.ar\/web\/?s={search_term_string}"},"query-input":{"@type":"PropertyValueSpecification","valueRequired":true,"valueName":"search_term_string"}}],"inLanguage":"es"},{"@type":"Organization","@id":"https:\/\/osepmendoza.com.ar\/web\/#organization","name":"OSEP - Obra Social de Empleados P\u00fablicos de Mendoza","url":"https:\/\/osepmendoza.com.ar\/web\/","logo":{"@type":"ImageObject","inLanguage":"es","@id":"https:\/\/osepmendoza.com.ar\/web\/#\/schema\/logo\/image\/","url":"https:\/\/osepmendoza.com.ar\/web\/wp-content\/uploads\/2020\/04\/lkTM9T9z.jpg","contentUrl":"https:\/\/osepmendoza.com.ar\/web\/wp-content\/uploads\/2020\/04\/lkTM9T9z.jpg","width":334,"height":334,"caption":"OSEP - Obra Social de Empleados P\u00fablicos de Mendoza"},"image":{"@id":"https:\/\/osepmendoza.com.ar\/web\/#\/schema\/logo\/image\/"},"sameAs":["https:\/\/www.facebook.com\/OSEP.MendozaArg\/","https:\/\/x.com\/OsepMza","https:\/\/www.instagram.com\/osep.mendoza\/","https:\/\/www.youtube.com\/user\/osepvideos"]},{"@type":"Person","@id":"https:\/\/osepmendoza.com.ar\/web\/#\/schema\/person\/90986df7128a51e32bb66102fc247eb2","name":"Sebastian Fernandez","image":{"@type":"ImageObject","inLanguage":"es","@id":"https:\/\/secure.gravatar.com\/avatar\/cc42d53caabe846896e06ed8955a60e82b2b829babcb731f86f26c42378bcfec?s=96&d=mm&r=g","url":"https:\/\/secure.gravatar.com\/avatar\/cc42d53caabe846896e06ed8955a60e82b2b829babcb731f86f26c42378bcfec?s=96&d=mm&r=g","contentUrl":"https:\/\/secure.gravatar.com\/avatar\/cc42d53caabe846896e06ed8955a60e82b2b829babcb731f86f26c42378bcfec?s=96&d=mm&r=g","caption":"Sebastian Fernandez"},"sameAs":["http:\/\/osepmendoza.com.ar\/web"]}]}},"amp_enabled":true,"_links":{"self":[{"href":"https:\/\/osepmendoza.com.ar\/web\/wp-json\/wp\/v2\/posts\/27351","targetHints":{"allow":["GET"]}}],"collection":[{"href":"https:\/\/osepmendoza.com.ar\/web\/wp-json\/wp\/v2\/posts"}],"about":[{"href":"https:\/\/osepmendoza.com.ar\/web\/wp-json\/wp\/v2\/types\/post"}],"author":[{"embeddable":true,"href":"https:\/\/osepmendoza.com.ar\/web\/wp-json\/wp\/v2\/users\/12"}],"replies":[{"embeddable":true,"href":"https:\/\/osepmendoza.com.ar\/web\/wp-json\/wp\/v2\/comments?post=27351"}],"version-history":[{"count":1,"href":"https:\/\/osepmendoza.com.ar\/web\/wp-json\/wp\/v2\/posts\/27351\/revisions"}],"predecessor-version":[{"id":35923,"href":"https:\/\/osepmendoza.com.ar\/web\/wp-json\/wp\/v2\/posts\/27351\/revisions\/35923"}],"wp:attachment":[{"href":"https:\/\/osepmendoza.com.ar\/web\/wp-json\/wp\/v2\/media?parent=27351"}],"wp:term":[{"taxonomy":"category","embeddable":true,"href":"https:\/\/osepmendoza.com.ar\/web\/wp-json\/wp\/v2\/categories?post=27351"},{"taxonomy":"post_tag","embeddable":true,"href":"https:\/\/osepmendoza.com.ar\/web\/wp-json\/wp\/v2\/tags?post=27351"}],"curies":[{"name":"wp","href":"https:\/\/api.w.org\/{rel}","templated":true}]}}