{"id":27101,"date":"2016-11-18T21:59:35","date_gmt":"2016-11-18T21:59:35","guid":{"rendered":"http:\/\/osepmendoza.com.ar\/web\/?p=27101"},"modified":"2018-12-17T11:52:32","modified_gmt":"2018-12-17T14:52:32","slug":"nuevas-medidas-para-una-mejor-atencion","status":"publish","type":"post","link":"https:\/\/osepmendoza.com.ar\/web\/nuevas-medidas-para-una-mejor-atencion\/","title":{"rendered":"Nuevas medidas para una mejor atenci\u00f3n"},"content":{"rendered":"<p>OSEP nuevos medidas<\/p>\n<p>para una mejor atenci\u00f3n<\/p>\n<p>&nbsp;<\/p>\n<p>El director General de la OSEP, Sergio Vergara, brind\u00f3 una conferencia de prensa, donde anunci\u00f3 detalles de distintas medidas para continuar con la pol\u00edtica de reorganizaci\u00f3n de la Obra Social.<\/p>\n<p>&nbsp;<\/p>\n<p>&nbsp;<\/p>\n<p>La Obra Social ha tomado nuevas medidas tendientes a la organizaci\u00f3n del Segundo Nivel de Atenci\u00f3n, que incluye las prestaciones de internaci\u00f3n en hospitales, cl\u00ednicas y sanatorios.<\/p>\n<p>Entre los principales puntos acordados se incluyen: establecimiento de un nuevo sistema de liquidaci\u00f3n por pago directo que transparente el efectivo cobro a todos los actores de la cadena de prestaciones, acceso en todo el territorio provincial a un nivel de complejidad adecuado, categorizaci\u00f3n de acuerdo a par\u00e1metros provinciales y nacionales de calidad, evaluaci\u00f3n de la satisfacci\u00f3n de los usuarios. Adem\u00e1s de la refuncionalizaci\u00f3n de los sistemas de registraci\u00f3n y seguimiento en l\u00ednea.<\/p>\n<p>&nbsp;<\/p>\n<p>Otro punto importante es la pr\u00f3xima puesta en funcionamiento de un novedoso sistema de emergencia y gesti\u00f3n prehospitalaria de cobertura territorial y de articulaci\u00f3n con las instituciones de Segundo nivel para dar respuesta a las urgencias m\u00e9dicas de nuestros afiliados. La nueva gesti\u00f3n de emergencias permitir\u00e1 a la Obra Social monitorear todos los procedimientos para brindar un servicio de calidad a nuestros pacientes.<\/p>\n<p>&nbsp;<\/p>\n<p>Para nuestras embarazadas<\/p>\n<p>Otro importante anuncio para nuestras embarazadas es el incremento de los valores, lo que OSEP paga a las instituciones, respecto a los partos y ces\u00e1reas. En algunos casos el aumento es mayor al 60%.<\/p>\n<p>&nbsp;<\/p>\n<p>Adem\u00e1s los gineco-obstetras de nuestros efectores podr\u00e1n asistir los partos en nuestra Maternidad Virgen de la Misericordia. Hasta ahora, la madre en el momento del alumbramiento era asistida por el m\u00e9dico de Guardia. Este cambio implica que en el parto la madre se sienta acompa\u00f1ada y segura junto al m\u00e9dico que la ha acompa\u00f1ado durante todo su embarazo. Tambi\u00e9n se incorporar\u00e1, a partir de diciembre, el parto sin dolor sin costo en nuestra Maternidad.<\/p>\n<p>&nbsp;<\/p>\n<p>Este proceso de cambio se inscribe en un nuevo paradigma en el que el actor central es nuestro afiliado y donde apostamos a un sistema transparente, de calidad y \u00e1gil para todos nuestros usuarios en todo el territorio provincial.<\/p>\n<p>&nbsp;<\/p>\n<p>Los cambios realizados<\/p>\n<p>Desde febrero, OSEP present\u00f3 p\u00fablicamente la situaci\u00f3n general de la instituci\u00f3n. Se mostraron una serie de irregularidades y situaciones an\u00f3malas que deven\u00edan de procesos confusos y desordenados, que afectaban cr\u00edticamente la situaci\u00f3n financiera y econ\u00f3mica, pero fundamentalmente la credibilidad.<\/p>\n<p>&nbsp;<\/p>\n<p>La Obra Social hab\u00eda roto el pacto con sus afiliados; nadie recib\u00eda OSEP, el descr\u00e9dito, las cadenas de pagos estaban rotas, sus efectores no contaban con insumos b\u00e1sicos y el desorden imperaba.<\/p>\n<p>&nbsp;<\/p>\n<p>Para hacer frente a la deuda heredada y reordenar la instituci\u00f3n se revieron y reorganizaron los procesos, de los m\u00e1s simples a los de mayor complejidad.<\/p>\n<p>Primero se restablecieron las prestaciones y especialmente las del primer nivel. En una primera instancia, se trabaj\u00f3 con los bioqu\u00edmicos y radi\u00f3logos de toda Mendoza. Luego se continu\u00f3 con las consultas y pr\u00e1cticas ambulatorias.<\/p>\n<p>&nbsp;<\/p>\n<p>Despu\u00e9s se sigui\u00f3 con los llamados de fonoaudi\u00f3logos, kinesi\u00f3logos, psic\u00f3logos y otras especialidades; quienes tambi\u00e9n obtuvieron diversos e importantes aumentos. Todos estos cambios se dieron contemplando la diversidad del territorio y en estrecha articulaci\u00f3n con los distintos actores.<\/p>\n<p>&nbsp;<\/p>\n<p>El trabajo articulado con los distintos prestadores de toda la provincia con los que OSEP mantiene convenio permiti\u00f3 restablecer la cadena de pago y otorgar algunos aumentos para generar condiciones adecuadas de trabajo. Adem\u00e1s se redise\u00f1aron los m\u00f3dulos cl\u00ednicos y m\u00f3dulos quir\u00fargicos, recibiendo aumentos superiores al 50%.<\/p>\n<p>&nbsp;<\/p>\n<p>Y como uno de los puntos centrales de OSEP es fortalecer la promoci\u00f3n de la salud y la prevenci\u00f3n de la enfermedad desde la concepci\u00f3n puso en marcha los programas \u201cNacer en OSEP\u201d y \u201cCrecer Juntos para brindar cobertura desde la concepci\u00f3n hasta los 14 a\u00f1os a nuestros afiliados<\/p>\n<p>&nbsp;<\/p>\n<p>Como de mejorar siempre se trata. Hemos implementado un nuevo sistema de gesti\u00f3n poblacional, conocido como facilitadores, para ir a puerta a puerta de nuestros afiliados y conocer su realidad y sus demandas. Todo esto nos permitir\u00e1 mejorar d\u00eda a d\u00eda, en pos de una mejor atenci\u00f3n y calidad de vida.<a href=\"http:\/\/osepmendoza.com.ar\/web\/wp-content\/uploads\/2016\/11\/IMG-20161118-WA0035.jpg\"><img loading=\"lazy\" decoding=\"async\" class=\"aligncenter size-full wp-image-27100\" src=\"http:\/\/osepmendoza.com.ar\/web\/wp-content\/uploads\/2016\/11\/IMG-20161118-WA0035.jpg\" alt=\"IMG-20161118-WA0035\" width=\"1280\" height=\"852\" \/><\/a><\/p>\n<p>&nbsp;<\/p>\n<p>&nbsp;<\/p>\n<p>&nbsp;<\/p>\n","protected":false},"excerpt":{"rendered":"<p>OSEP nuevos medidas para una mejor atenci\u00f3n &nbsp; El director&#8230;<\/p>\n","protected":false},"author":9,"featured_media":0,"comment_status":"closed","ping_status":"closed","sticky":false,"template":"","format":"standard","meta":{"_acf_changed":false,"inline_featured_image":false,"_exactmetrics_skip_tracking":false,"_exactmetrics_sitenote_active":false,"_exactmetrics_sitenote_note":"","_exactmetrics_sitenote_category":0,"footnotes":"","_links_to":"","_links_to_target":""},"categories":[1],"tags":[],"class_list":["post-27101","post","type-post","status-publish","format-standard","hentry","category-sin-categoria"],"acf":[],"yoast_head":"<!-- This site is optimized with the Yoast SEO plugin v27.4 - https:\/\/yoast.com\/product\/yoast-seo-wordpress\/ -->\n<title>Nuevas medidas para una mejor atenci\u00f3n - OSEP Mendoza<\/title>\n<meta name=\"robots\" content=\"index, follow, max-snippet:-1, max-image-preview:large, max-video-preview:-1\" \/>\n<link rel=\"canonical\" href=\"https:\/\/osepmendoza.com.ar\/web\/nuevas-medidas-para-una-mejor-atencion\/\" \/>\n<meta property=\"og:locale\" content=\"es_ES\" \/>\n<meta property=\"og:type\" content=\"article\" \/>\n<meta property=\"og:title\" content=\"Nuevas medidas para una mejor atenci\u00f3n - OSEP Mendoza\" \/>\n<meta property=\"og:description\" content=\"OSEP nuevos medidas para una mejor atenci\u00f3n &nbsp; El director...\" \/>\n<meta property=\"og:url\" content=\"https:\/\/osepmendoza.com.ar\/web\/nuevas-medidas-para-una-mejor-atencion\/\" \/>\n<meta property=\"og:site_name\" content=\"OSEP Mendoza\" \/>\n<meta property=\"article:publisher\" content=\"https:\/\/www.facebook.com\/OSEP.MendozaArg\/\" \/>\n<meta property=\"article:published_time\" content=\"2016-11-18T21:59:35+00:00\" \/>\n<meta property=\"article:modified_time\" content=\"2018-12-17T14:52:32+00:00\" \/>\n<meta property=\"og:image\" content=\"http:\/\/osepmendoza.com.ar\/web\/wp-content\/uploads\/2016\/11\/IMG-20161118-WA0035.jpg\" \/>\n<meta name=\"author\" content=\"Natalia\" \/>\n<meta name=\"twitter:card\" content=\"summary_large_image\" \/>\n<meta name=\"twitter:creator\" content=\"@OsepMza\" \/>\n<meta name=\"twitter:site\" content=\"@OsepMza\" \/>\n<meta name=\"twitter:label1\" content=\"Escrito por\" \/>\n\t<meta name=\"twitter:data1\" content=\"Natalia\" \/>\n\t<meta name=\"twitter:label2\" content=\"Tiempo de lectura\" \/>\n\t<meta name=\"twitter:data2\" content=\"4 minutos\" \/>\n<script type=\"application\/ld+json\" class=\"yoast-schema-graph\">{\"@context\":\"https:\\\/\\\/schema.org\",\"@graph\":[{\"@type\":\"Article\",\"@id\":\"https:\\\/\\\/osepmendoza.com.ar\\\/web\\\/nuevas-medidas-para-una-mejor-atencion\\\/#article\",\"isPartOf\":{\"@id\":\"https:\\\/\\\/osepmendoza.com.ar\\\/web\\\/nuevas-medidas-para-una-mejor-atencion\\\/\"},\"author\":{\"name\":\"Natalia\",\"@id\":\"https:\\\/\\\/osepmendoza.com.ar\\\/web\\\/#\\\/schema\\\/person\\\/2590e96f8ad3beae7291ee632fea6f9a\"},\"headline\":\"Nuevas medidas para una mejor atenci\u00f3n\",\"datePublished\":\"2016-11-18T21:59:35+00:00\",\"dateModified\":\"2018-12-17T14:52:32+00:00\",\"mainEntityOfPage\":{\"@id\":\"https:\\\/\\\/osepmendoza.com.ar\\\/web\\\/nuevas-medidas-para-una-mejor-atencion\\\/\"},\"wordCount\":757,\"publisher\":{\"@id\":\"https:\\\/\\\/osepmendoza.com.ar\\\/web\\\/#organization\"},\"image\":{\"@id\":\"https:\\\/\\\/osepmendoza.com.ar\\\/web\\\/nuevas-medidas-para-una-mejor-atencion\\\/#primaryimage\"},\"thumbnailUrl\":\"http:\\\/\\\/osepmendoza.com.ar\\\/web\\\/wp-content\\\/uploads\\\/2016\\\/11\\\/IMG-20161118-WA0035.jpg\",\"inLanguage\":\"es\"},{\"@type\":\"WebPage\",\"@id\":\"https:\\\/\\\/osepmendoza.com.ar\\\/web\\\/nuevas-medidas-para-una-mejor-atencion\\\/\",\"url\":\"https:\\\/\\\/osepmendoza.com.ar\\\/web\\\/nuevas-medidas-para-una-mejor-atencion\\\/\",\"name\":\"Nuevas medidas para una mejor atenci\u00f3n - OSEP Mendoza\",\"isPartOf\":{\"@id\":\"https:\\\/\\\/osepmendoza.com.ar\\\/web\\\/#website\"},\"primaryImageOfPage\":{\"@id\":\"https:\\\/\\\/osepmendoza.com.ar\\\/web\\\/nuevas-medidas-para-una-mejor-atencion\\\/#primaryimage\"},\"image\":{\"@id\":\"https:\\\/\\\/osepmendoza.com.ar\\\/web\\\/nuevas-medidas-para-una-mejor-atencion\\\/#primaryimage\"},\"thumbnailUrl\":\"http:\\\/\\\/osepmendoza.com.ar\\\/web\\\/wp-content\\\/uploads\\\/2016\\\/11\\\/IMG-20161118-WA0035.jpg\",\"datePublished\":\"2016-11-18T21:59:35+00:00\",\"dateModified\":\"2018-12-17T14:52:32+00:00\",\"breadcrumb\":{\"@id\":\"https:\\\/\\\/osepmendoza.com.ar\\\/web\\\/nuevas-medidas-para-una-mejor-atencion\\\/#breadcrumb\"},\"inLanguage\":\"es\",\"potentialAction\":[{\"@type\":\"ReadAction\",\"target\":[\"https:\\\/\\\/osepmendoza.com.ar\\\/web\\\/nuevas-medidas-para-una-mejor-atencion\\\/\"]}]},{\"@type\":\"ImageObject\",\"inLanguage\":\"es\",\"@id\":\"https:\\\/\\\/osepmendoza.com.ar\\\/web\\\/nuevas-medidas-para-una-mejor-atencion\\\/#primaryimage\",\"url\":\"http:\\\/\\\/osepmendoza.com.ar\\\/web\\\/wp-content\\\/uploads\\\/2016\\\/11\\\/IMG-20161118-WA0035.jpg\",\"contentUrl\":\"http:\\\/\\\/osepmendoza.com.ar\\\/web\\\/wp-content\\\/uploads\\\/2016\\\/11\\\/IMG-20161118-WA0035.jpg\"},{\"@type\":\"BreadcrumbList\",\"@id\":\"https:\\\/\\\/osepmendoza.com.ar\\\/web\\\/nuevas-medidas-para-una-mejor-atencion\\\/#breadcrumb\",\"itemListElement\":[{\"@type\":\"ListItem\",\"position\":1,\"name\":\"Portada\",\"item\":\"https:\\\/\\\/osepmendoza.com.ar\\\/web\\\/\"},{\"@type\":\"ListItem\",\"position\":2,\"name\":\"Nuevas medidas para una mejor atenci\u00f3n\"}]},{\"@type\":\"WebSite\",\"@id\":\"https:\\\/\\\/osepmendoza.com.ar\\\/web\\\/#website\",\"url\":\"https:\\\/\\\/osepmendoza.com.ar\\\/web\\\/\",\"name\":\"OSEP Mendoza\",\"description\":\"Obra Social de los Empleados P\u00fablicos de Mendoza\",\"publisher\":{\"@id\":\"https:\\\/\\\/osepmendoza.com.ar\\\/web\\\/#organization\"},\"potentialAction\":[{\"@type\":\"SearchAction\",\"target\":{\"@type\":\"EntryPoint\",\"urlTemplate\":\"https:\\\/\\\/osepmendoza.com.ar\\\/web\\\/?s={search_term_string}\"},\"query-input\":{\"@type\":\"PropertyValueSpecification\",\"valueRequired\":true,\"valueName\":\"search_term_string\"}}],\"inLanguage\":\"es\"},{\"@type\":\"Organization\",\"@id\":\"https:\\\/\\\/osepmendoza.com.ar\\\/web\\\/#organization\",\"name\":\"OSEP - Obra Social de Empleados P\u00fablicos de Mendoza\",\"url\":\"https:\\\/\\\/osepmendoza.com.ar\\\/web\\\/\",\"logo\":{\"@type\":\"ImageObject\",\"inLanguage\":\"es\",\"@id\":\"https:\\\/\\\/osepmendoza.com.ar\\\/web\\\/#\\\/schema\\\/logo\\\/image\\\/\",\"url\":\"https:\\\/\\\/osepmendoza.com.ar\\\/web\\\/wp-content\\\/uploads\\\/2020\\\/04\\\/lkTM9T9z.jpg\",\"contentUrl\":\"https:\\\/\\\/osepmendoza.com.ar\\\/web\\\/wp-content\\\/uploads\\\/2020\\\/04\\\/lkTM9T9z.jpg\",\"width\":334,\"height\":334,\"caption\":\"OSEP - Obra Social de Empleados P\u00fablicos de Mendoza\"},\"image\":{\"@id\":\"https:\\\/\\\/osepmendoza.com.ar\\\/web\\\/#\\\/schema\\\/logo\\\/image\\\/\"},\"sameAs\":[\"https:\\\/\\\/www.facebook.com\\\/OSEP.MendozaArg\\\/\",\"https:\\\/\\\/x.com\\\/OsepMza\",\"https:\\\/\\\/www.instagram.com\\\/osep.mendoza\\\/\",\"https:\\\/\\\/www.youtube.com\\\/user\\\/osepvideos\"]},{\"@type\":\"Person\",\"@id\":\"https:\\\/\\\/osepmendoza.com.ar\\\/web\\\/#\\\/schema\\\/person\\\/2590e96f8ad3beae7291ee632fea6f9a\",\"name\":\"Natalia\",\"image\":{\"@type\":\"ImageObject\",\"inLanguage\":\"es\",\"@id\":\"https:\\\/\\\/secure.gravatar.com\\\/avatar\\\/7ff3d3b56137b46f328f9afe7b1d2a340581d3390d9774896e20f3d7f8d9258c?s=96&d=mm&r=g\",\"url\":\"https:\\\/\\\/secure.gravatar.com\\\/avatar\\\/7ff3d3b56137b46f328f9afe7b1d2a340581d3390d9774896e20f3d7f8d9258c?s=96&d=mm&r=g\",\"contentUrl\":\"https:\\\/\\\/secure.gravatar.com\\\/avatar\\\/7ff3d3b56137b46f328f9afe7b1d2a340581d3390d9774896e20f3d7f8d9258c?s=96&d=mm&r=g\",\"caption\":\"Natalia\"},\"sameAs\":[\"http:\\\/\\\/osepmendoza.com.ar\\\/web\"]}]}<\/script>\n<!-- \/ Yoast SEO plugin. -->","yoast_head_json":{"title":"Nuevas medidas para una mejor atenci\u00f3n - OSEP Mendoza","robots":{"index":"index","follow":"follow","max-snippet":"max-snippet:-1","max-image-preview":"max-image-preview:large","max-video-preview":"max-video-preview:-1"},"canonical":"https:\/\/osepmendoza.com.ar\/web\/nuevas-medidas-para-una-mejor-atencion\/","og_locale":"es_ES","og_type":"article","og_title":"Nuevas medidas para una mejor atenci\u00f3n - OSEP Mendoza","og_description":"OSEP nuevos medidas para una mejor atenci\u00f3n &nbsp; El director...","og_url":"https:\/\/osepmendoza.com.ar\/web\/nuevas-medidas-para-una-mejor-atencion\/","og_site_name":"OSEP Mendoza","article_publisher":"https:\/\/www.facebook.com\/OSEP.MendozaArg\/","article_published_time":"2016-11-18T21:59:35+00:00","article_modified_time":"2018-12-17T14:52:32+00:00","og_image":[{"url":"http:\/\/osepmendoza.com.ar\/web\/wp-content\/uploads\/2016\/11\/IMG-20161118-WA0035.jpg","type":"","width":"","height":""}],"author":"Natalia","twitter_card":"summary_large_image","twitter_creator":"@OsepMza","twitter_site":"@OsepMza","twitter_misc":{"Escrito por":"Natalia","Tiempo de lectura":"4 minutos"},"schema":{"@context":"https:\/\/schema.org","@graph":[{"@type":"Article","@id":"https:\/\/osepmendoza.com.ar\/web\/nuevas-medidas-para-una-mejor-atencion\/#article","isPartOf":{"@id":"https:\/\/osepmendoza.com.ar\/web\/nuevas-medidas-para-una-mejor-atencion\/"},"author":{"name":"Natalia","@id":"https:\/\/osepmendoza.com.ar\/web\/#\/schema\/person\/2590e96f8ad3beae7291ee632fea6f9a"},"headline":"Nuevas medidas para una mejor atenci\u00f3n","datePublished":"2016-11-18T21:59:35+00:00","dateModified":"2018-12-17T14:52:32+00:00","mainEntityOfPage":{"@id":"https:\/\/osepmendoza.com.ar\/web\/nuevas-medidas-para-una-mejor-atencion\/"},"wordCount":757,"publisher":{"@id":"https:\/\/osepmendoza.com.ar\/web\/#organization"},"image":{"@id":"https:\/\/osepmendoza.com.ar\/web\/nuevas-medidas-para-una-mejor-atencion\/#primaryimage"},"thumbnailUrl":"http:\/\/osepmendoza.com.ar\/web\/wp-content\/uploads\/2016\/11\/IMG-20161118-WA0035.jpg","inLanguage":"es"},{"@type":"WebPage","@id":"https:\/\/osepmendoza.com.ar\/web\/nuevas-medidas-para-una-mejor-atencion\/","url":"https:\/\/osepmendoza.com.ar\/web\/nuevas-medidas-para-una-mejor-atencion\/","name":"Nuevas medidas para una mejor atenci\u00f3n - OSEP Mendoza","isPartOf":{"@id":"https:\/\/osepmendoza.com.ar\/web\/#website"},"primaryImageOfPage":{"@id":"https:\/\/osepmendoza.com.ar\/web\/nuevas-medidas-para-una-mejor-atencion\/#primaryimage"},"image":{"@id":"https:\/\/osepmendoza.com.ar\/web\/nuevas-medidas-para-una-mejor-atencion\/#primaryimage"},"thumbnailUrl":"http:\/\/osepmendoza.com.ar\/web\/wp-content\/uploads\/2016\/11\/IMG-20161118-WA0035.jpg","datePublished":"2016-11-18T21:59:35+00:00","dateModified":"2018-12-17T14:52:32+00:00","breadcrumb":{"@id":"https:\/\/osepmendoza.com.ar\/web\/nuevas-medidas-para-una-mejor-atencion\/#breadcrumb"},"inLanguage":"es","potentialAction":[{"@type":"ReadAction","target":["https:\/\/osepmendoza.com.ar\/web\/nuevas-medidas-para-una-mejor-atencion\/"]}]},{"@type":"ImageObject","inLanguage":"es","@id":"https:\/\/osepmendoza.com.ar\/web\/nuevas-medidas-para-una-mejor-atencion\/#primaryimage","url":"http:\/\/osepmendoza.com.ar\/web\/wp-content\/uploads\/2016\/11\/IMG-20161118-WA0035.jpg","contentUrl":"http:\/\/osepmendoza.com.ar\/web\/wp-content\/uploads\/2016\/11\/IMG-20161118-WA0035.jpg"},{"@type":"BreadcrumbList","@id":"https:\/\/osepmendoza.com.ar\/web\/nuevas-medidas-para-una-mejor-atencion\/#breadcrumb","itemListElement":[{"@type":"ListItem","position":1,"name":"Portada","item":"https:\/\/osepmendoza.com.ar\/web\/"},{"@type":"ListItem","position":2,"name":"Nuevas medidas para una mejor atenci\u00f3n"}]},{"@type":"WebSite","@id":"https:\/\/osepmendoza.com.ar\/web\/#website","url":"https:\/\/osepmendoza.com.ar\/web\/","name":"OSEP Mendoza","description":"Obra Social de los Empleados P\u00fablicos de Mendoza","publisher":{"@id":"https:\/\/osepmendoza.com.ar\/web\/#organization"},"potentialAction":[{"@type":"SearchAction","target":{"@type":"EntryPoint","urlTemplate":"https:\/\/osepmendoza.com.ar\/web\/?s={search_term_string}"},"query-input":{"@type":"PropertyValueSpecification","valueRequired":true,"valueName":"search_term_string"}}],"inLanguage":"es"},{"@type":"Organization","@id":"https:\/\/osepmendoza.com.ar\/web\/#organization","name":"OSEP - Obra Social de Empleados P\u00fablicos de Mendoza","url":"https:\/\/osepmendoza.com.ar\/web\/","logo":{"@type":"ImageObject","inLanguage":"es","@id":"https:\/\/osepmendoza.com.ar\/web\/#\/schema\/logo\/image\/","url":"https:\/\/osepmendoza.com.ar\/web\/wp-content\/uploads\/2020\/04\/lkTM9T9z.jpg","contentUrl":"https:\/\/osepmendoza.com.ar\/web\/wp-content\/uploads\/2020\/04\/lkTM9T9z.jpg","width":334,"height":334,"caption":"OSEP - Obra Social de Empleados P\u00fablicos de Mendoza"},"image":{"@id":"https:\/\/osepmendoza.com.ar\/web\/#\/schema\/logo\/image\/"},"sameAs":["https:\/\/www.facebook.com\/OSEP.MendozaArg\/","https:\/\/x.com\/OsepMza","https:\/\/www.instagram.com\/osep.mendoza\/","https:\/\/www.youtube.com\/user\/osepvideos"]},{"@type":"Person","@id":"https:\/\/osepmendoza.com.ar\/web\/#\/schema\/person\/2590e96f8ad3beae7291ee632fea6f9a","name":"Natalia","image":{"@type":"ImageObject","inLanguage":"es","@id":"https:\/\/secure.gravatar.com\/avatar\/7ff3d3b56137b46f328f9afe7b1d2a340581d3390d9774896e20f3d7f8d9258c?s=96&d=mm&r=g","url":"https:\/\/secure.gravatar.com\/avatar\/7ff3d3b56137b46f328f9afe7b1d2a340581d3390d9774896e20f3d7f8d9258c?s=96&d=mm&r=g","contentUrl":"https:\/\/secure.gravatar.com\/avatar\/7ff3d3b56137b46f328f9afe7b1d2a340581d3390d9774896e20f3d7f8d9258c?s=96&d=mm&r=g","caption":"Natalia"},"sameAs":["http:\/\/osepmendoza.com.ar\/web"]}]}},"amp_enabled":true,"_links":{"self":[{"href":"https:\/\/osepmendoza.com.ar\/web\/wp-json\/wp\/v2\/posts\/27101","targetHints":{"allow":["GET"]}}],"collection":[{"href":"https:\/\/osepmendoza.com.ar\/web\/wp-json\/wp\/v2\/posts"}],"about":[{"href":"https:\/\/osepmendoza.com.ar\/web\/wp-json\/wp\/v2\/types\/post"}],"author":[{"embeddable":true,"href":"https:\/\/osepmendoza.com.ar\/web\/wp-json\/wp\/v2\/users\/9"}],"replies":[{"embeddable":true,"href":"https:\/\/osepmendoza.com.ar\/web\/wp-json\/wp\/v2\/comments?post=27101"}],"version-history":[{"count":1,"href":"https:\/\/osepmendoza.com.ar\/web\/wp-json\/wp\/v2\/posts\/27101\/revisions"}],"predecessor-version":[{"id":35948,"href":"https:\/\/osepmendoza.com.ar\/web\/wp-json\/wp\/v2\/posts\/27101\/revisions\/35948"}],"wp:attachment":[{"href":"https:\/\/osepmendoza.com.ar\/web\/wp-json\/wp\/v2\/media?parent=27101"}],"wp:term":[{"taxonomy":"category","embeddable":true,"href":"https:\/\/osepmendoza.com.ar\/web\/wp-json\/wp\/v2\/categories?post=27101"},{"taxonomy":"post_tag","embeddable":true,"href":"https:\/\/osepmendoza.com.ar\/web\/wp-json\/wp\/v2\/tags?post=27101"}],"curies":[{"name":"wp","href":"https:\/\/api.w.org\/{rel}","templated":true}]}}