{"id":26362,"date":"2016-09-14T17:57:21","date_gmt":"2016-09-14T17:57:21","guid":{"rendered":"http:\/\/osepmendoza.com.ar\/web\/?p=26362"},"modified":"2018-12-17T11:52:35","modified_gmt":"2018-12-17T14:52:35","slug":"semana-nacional-de-la-epilepsia","status":"publish","type":"post","link":"https:\/\/osepmendoza.com.ar\/web\/semana-nacional-de-la-epilepsia\/","title":{"rendered":"Semana Nacional de la Epilepsia"},"content":{"rendered":"<p><span style=\"font-family: Arial,sans-serif;\"><b>La epilepsia es un trastorno que se presenta a trav\u00e9s de la descarga el\u00e9ctrica anormal de un grupo de neuronas. En la semana nacional de esta patolog\u00eda, OSEP celebra los avances obtenidos en la materia durante los \u00faltimos a\u00f1os.<\/b><\/span><\/p>\n<p><span style=\"font-family: Arial,sans-serif;\">La Obra Social cuenta con uno de los profesional<\/span><span style=\"font-family: Arial,sans-serif;\">es m\u00e1s avezados en este problem\u00e1tica, el doctor Daniel Noli, neur\u00f3logo pedi\u00e1trico del Hospital Alexander Fleming. Nos acercamos a conversar con \u00e9l y nos brind\u00f3 una completa explicaci\u00f3n de la enfermedad:<\/span><\/p>\n<p>\u201c<span style=\"font-family: Arial,sans-serif;\">Existen dos tipos de epilepsia: por un lado las de causa estructural, donde hay una alteraci\u00f3n anat\u00f3mica del cerebro que predispone a estos episodios y, otras que son de origen idiop\u00e1tico, es decir se desconocen, y generan peri\u00f3dicamente la presencia de convulsiones.<\/span><\/p>\n<p><span style=\"font-family: Arial,sans-serif;\">A<\/span><span style=\"font-family: Arial,sans-serif;\">ctualmente, existen muchas maneras de tratar esta enfermedad cerebral, ya sea con fines paliativos o con intenciones curativas.<\/span><\/p>\n<p>Cuando hablamos de la alternativa paliativa, nos referimos a la utilizaci\u00f3n de medicaci\u00f3n con el fin de controlar las crisis. Es com\u00fan a todas las epilepsias y suele tener excepciones. Es en el caso de las personas resistentes a esas drogas, entonces aparece la opci\u00f3n curativa, es decir, la cirug\u00eda, que no es aplicable a todos los pacientes.<\/p>\n<p><span style=\"font-family: Arial,sans-serif;\">Su condici\u00f3n de ser candidato a una operaci\u00f3n la definir\u00e1 un estudio (video-electroencefalograma) que determinar\u00e1 si el foco que genera la epilepsia es \u00fanico y localizable para proceder con esta <\/span><span style=\"font-family: Arial,sans-serif;\">opci\u00f3n que, pese a no ser totalmente efectiva, por lo general ofrece buenos resultados y condiciones para que sea realizada en nuestra provincia\u201d.<\/span><\/p>\n<p>\u201c<span style=\"font-family: Arial,sans-serif;\">En OSEP hemos realizado dos cirug\u00edas, una en el Hospital del Carmen y otra en el Pedi\u00e1trico Alexander Fleming. Los pacientes fueron diagnosticados, tratados y operados con total \u00e9xito, ya que las crisis no volvieron\u201d, destac\u00f3 el profesional.<\/span><\/p>\n<p><span style=\"font-family: Arial,sans-serif;\">En conclusi\u00f3n, hemos vivido grandes avances en el tratamiento de enfermedades tan complejas como la epilepsia en los \u00faltimos a\u00f1os, por ello OSEP celebra todos los logros y se suma a la esperanza de quienes buscan su cura.<\/span><\/p>\n<p><a href=\"http:\/\/osepmendoza.com.ar\/web\/wp-content\/uploads\/2016\/09\/IMG_3432-edit.jpg\"><img loading=\"lazy\" decoding=\"async\" class=\"alignnone size-full wp-image-26363\" src=\"http:\/\/osepmendoza.com.ar\/web\/wp-content\/uploads\/2016\/09\/IMG_3432-edit.jpg\" alt=\"IMG_3432 edit\" width=\"600\" height=\"400\" \/><\/a><\/p>\n","protected":false},"excerpt":{"rendered":"<p>La epilepsia es un trastorno que se presenta a trav\u00e9s&#8230;<\/p>\n","protected":false},"author":12,"featured_media":0,"comment_status":"closed","ping_status":"closed","sticky":false,"template":"","format":"standard","meta":{"_acf_changed":false,"inline_featured_image":false,"_exactmetrics_skip_tracking":false,"_exactmetrics_sitenote_active":false,"_exactmetrics_sitenote_note":"","_exactmetrics_sitenote_category":0,"footnotes":"","_links_to":"","_links_to_target":""},"categories":[101],"tags":[],"class_list":["post-26362","post","type-post","status-publish","format-standard","hentry","category-noticias"],"acf":[],"yoast_head":"<!-- This site is optimized with the Yoast SEO plugin v27.5 - https:\/\/yoast.com\/product\/yoast-seo-wordpress\/ -->\n<title>Semana Nacional de la Epilepsia - OSEP Mendoza<\/title>\n<meta name=\"robots\" content=\"index, follow, max-snippet:-1, max-image-preview:large, max-video-preview:-1\" \/>\n<link rel=\"canonical\" href=\"https:\/\/osepmendoza.com.ar\/web\/semana-nacional-de-la-epilepsia\/\" \/>\n<meta property=\"og:locale\" content=\"es_ES\" \/>\n<meta property=\"og:type\" content=\"article\" \/>\n<meta property=\"og:title\" content=\"Semana Nacional de la Epilepsia - OSEP Mendoza\" \/>\n<meta property=\"og:description\" content=\"La epilepsia es un trastorno que se presenta a trav\u00e9s...\" \/>\n<meta property=\"og:url\" content=\"https:\/\/osepmendoza.com.ar\/web\/semana-nacional-de-la-epilepsia\/\" \/>\n<meta property=\"og:site_name\" content=\"OSEP Mendoza\" \/>\n<meta property=\"article:publisher\" content=\"https:\/\/www.facebook.com\/OSEP.MendozaArg\/\" \/>\n<meta property=\"article:published_time\" content=\"2016-09-14T17:57:21+00:00\" \/>\n<meta property=\"article:modified_time\" content=\"2018-12-17T14:52:35+00:00\" \/>\n<meta property=\"og:image\" content=\"http:\/\/osepmendoza.com.ar\/web\/wp-content\/uploads\/2016\/09\/IMG_3432-edit.jpg\" \/>\n<meta name=\"author\" content=\"Sebastian Fernandez\" \/>\n<meta name=\"twitter:card\" content=\"summary_large_image\" \/>\n<meta name=\"twitter:creator\" content=\"@OsepMza\" \/>\n<meta name=\"twitter:site\" content=\"@OsepMza\" \/>\n<meta name=\"twitter:label1\" content=\"Escrito por\" \/>\n\t<meta name=\"twitter:data1\" content=\"Sebastian Fernandez\" \/>\n\t<meta name=\"twitter:label2\" content=\"Tiempo de lectura\" \/>\n\t<meta name=\"twitter:data2\" content=\"2 minutos\" \/>\n<script type=\"application\/ld+json\" class=\"yoast-schema-graph\">{\"@context\":\"https:\\\/\\\/schema.org\",\"@graph\":[{\"@type\":\"Article\",\"@id\":\"https:\\\/\\\/osepmendoza.com.ar\\\/web\\\/semana-nacional-de-la-epilepsia\\\/#article\",\"isPartOf\":{\"@id\":\"https:\\\/\\\/osepmendoza.com.ar\\\/web\\\/semana-nacional-de-la-epilepsia\\\/\"},\"author\":{\"name\":\"Sebastian Fernandez\",\"@id\":\"https:\\\/\\\/osepmendoza.com.ar\\\/web\\\/#\\\/schema\\\/person\\\/90986df7128a51e32bb66102fc247eb2\"},\"headline\":\"Semana Nacional de la Epilepsia\",\"datePublished\":\"2016-09-14T17:57:21+00:00\",\"dateModified\":\"2018-12-17T14:52:35+00:00\",\"mainEntityOfPage\":{\"@id\":\"https:\\\/\\\/osepmendoza.com.ar\\\/web\\\/semana-nacional-de-la-epilepsia\\\/\"},\"wordCount\":357,\"publisher\":{\"@id\":\"https:\\\/\\\/osepmendoza.com.ar\\\/web\\\/#organization\"},\"image\":{\"@id\":\"https:\\\/\\\/osepmendoza.com.ar\\\/web\\\/semana-nacional-de-la-epilepsia\\\/#primaryimage\"},\"thumbnailUrl\":\"http:\\\/\\\/osepmendoza.com.ar\\\/web\\\/wp-content\\\/uploads\\\/2016\\\/09\\\/IMG_3432-edit.jpg\",\"articleSection\":[\"Noticias\"],\"inLanguage\":\"es\"},{\"@type\":\"WebPage\",\"@id\":\"https:\\\/\\\/osepmendoza.com.ar\\\/web\\\/semana-nacional-de-la-epilepsia\\\/\",\"url\":\"https:\\\/\\\/osepmendoza.com.ar\\\/web\\\/semana-nacional-de-la-epilepsia\\\/\",\"name\":\"Semana Nacional de la Epilepsia - OSEP Mendoza\",\"isPartOf\":{\"@id\":\"https:\\\/\\\/osepmendoza.com.ar\\\/web\\\/#website\"},\"primaryImageOfPage\":{\"@id\":\"https:\\\/\\\/osepmendoza.com.ar\\\/web\\\/semana-nacional-de-la-epilepsia\\\/#primaryimage\"},\"image\":{\"@id\":\"https:\\\/\\\/osepmendoza.com.ar\\\/web\\\/semana-nacional-de-la-epilepsia\\\/#primaryimage\"},\"thumbnailUrl\":\"http:\\\/\\\/osepmendoza.com.ar\\\/web\\\/wp-content\\\/uploads\\\/2016\\\/09\\\/IMG_3432-edit.jpg\",\"datePublished\":\"2016-09-14T17:57:21+00:00\",\"dateModified\":\"2018-12-17T14:52:35+00:00\",\"breadcrumb\":{\"@id\":\"https:\\\/\\\/osepmendoza.com.ar\\\/web\\\/semana-nacional-de-la-epilepsia\\\/#breadcrumb\"},\"inLanguage\":\"es\",\"potentialAction\":[{\"@type\":\"ReadAction\",\"target\":[\"https:\\\/\\\/osepmendoza.com.ar\\\/web\\\/semana-nacional-de-la-epilepsia\\\/\"]}]},{\"@type\":\"ImageObject\",\"inLanguage\":\"es\",\"@id\":\"https:\\\/\\\/osepmendoza.com.ar\\\/web\\\/semana-nacional-de-la-epilepsia\\\/#primaryimage\",\"url\":\"http:\\\/\\\/osepmendoza.com.ar\\\/web\\\/wp-content\\\/uploads\\\/2016\\\/09\\\/IMG_3432-edit.jpg\",\"contentUrl\":\"http:\\\/\\\/osepmendoza.com.ar\\\/web\\\/wp-content\\\/uploads\\\/2016\\\/09\\\/IMG_3432-edit.jpg\"},{\"@type\":\"BreadcrumbList\",\"@id\":\"https:\\\/\\\/osepmendoza.com.ar\\\/web\\\/semana-nacional-de-la-epilepsia\\\/#breadcrumb\",\"itemListElement\":[{\"@type\":\"ListItem\",\"position\":1,\"name\":\"Portada\",\"item\":\"https:\\\/\\\/osepmendoza.com.ar\\\/web\\\/\"},{\"@type\":\"ListItem\",\"position\":2,\"name\":\"Semana Nacional de la Epilepsia\"}]},{\"@type\":\"WebSite\",\"@id\":\"https:\\\/\\\/osepmendoza.com.ar\\\/web\\\/#website\",\"url\":\"https:\\\/\\\/osepmendoza.com.ar\\\/web\\\/\",\"name\":\"OSEP Mendoza\",\"description\":\"Obra Social de los Empleados P\u00fablicos de Mendoza\",\"publisher\":{\"@id\":\"https:\\\/\\\/osepmendoza.com.ar\\\/web\\\/#organization\"},\"potentialAction\":[{\"@type\":\"SearchAction\",\"target\":{\"@type\":\"EntryPoint\",\"urlTemplate\":\"https:\\\/\\\/osepmendoza.com.ar\\\/web\\\/?s={search_term_string}\"},\"query-input\":{\"@type\":\"PropertyValueSpecification\",\"valueRequired\":true,\"valueName\":\"search_term_string\"}}],\"inLanguage\":\"es\"},{\"@type\":\"Organization\",\"@id\":\"https:\\\/\\\/osepmendoza.com.ar\\\/web\\\/#organization\",\"name\":\"OSEP - Obra Social de Empleados P\u00fablicos de Mendoza\",\"url\":\"https:\\\/\\\/osepmendoza.com.ar\\\/web\\\/\",\"logo\":{\"@type\":\"ImageObject\",\"inLanguage\":\"es\",\"@id\":\"https:\\\/\\\/osepmendoza.com.ar\\\/web\\\/#\\\/schema\\\/logo\\\/image\\\/\",\"url\":\"https:\\\/\\\/osepmendoza.com.ar\\\/web\\\/wp-content\\\/uploads\\\/2020\\\/04\\\/lkTM9T9z.jpg\",\"contentUrl\":\"https:\\\/\\\/osepmendoza.com.ar\\\/web\\\/wp-content\\\/uploads\\\/2020\\\/04\\\/lkTM9T9z.jpg\",\"width\":334,\"height\":334,\"caption\":\"OSEP - Obra Social de Empleados P\u00fablicos de Mendoza\"},\"image\":{\"@id\":\"https:\\\/\\\/osepmendoza.com.ar\\\/web\\\/#\\\/schema\\\/logo\\\/image\\\/\"},\"sameAs\":[\"https:\\\/\\\/www.facebook.com\\\/OSEP.MendozaArg\\\/\",\"https:\\\/\\\/x.com\\\/OsepMza\",\"https:\\\/\\\/www.instagram.com\\\/osep.mendoza\\\/\",\"https:\\\/\\\/www.youtube.com\\\/user\\\/osepvideos\"]},{\"@type\":\"Person\",\"@id\":\"https:\\\/\\\/osepmendoza.com.ar\\\/web\\\/#\\\/schema\\\/person\\\/90986df7128a51e32bb66102fc247eb2\",\"name\":\"Sebastian Fernandez\",\"image\":{\"@type\":\"ImageObject\",\"inLanguage\":\"es\",\"@id\":\"https:\\\/\\\/secure.gravatar.com\\\/avatar\\\/cc42d53caabe846896e06ed8955a60e82b2b829babcb731f86f26c42378bcfec?s=96&d=mm&r=g\",\"url\":\"https:\\\/\\\/secure.gravatar.com\\\/avatar\\\/cc42d53caabe846896e06ed8955a60e82b2b829babcb731f86f26c42378bcfec?s=96&d=mm&r=g\",\"contentUrl\":\"https:\\\/\\\/secure.gravatar.com\\\/avatar\\\/cc42d53caabe846896e06ed8955a60e82b2b829babcb731f86f26c42378bcfec?s=96&d=mm&r=g\",\"caption\":\"Sebastian Fernandez\"},\"sameAs\":[\"http:\\\/\\\/osepmendoza.com.ar\\\/web\"]}]}<\/script>\n<!-- \/ Yoast SEO plugin. -->","yoast_head_json":{"title":"Semana Nacional de la Epilepsia - OSEP Mendoza","robots":{"index":"index","follow":"follow","max-snippet":"max-snippet:-1","max-image-preview":"max-image-preview:large","max-video-preview":"max-video-preview:-1"},"canonical":"https:\/\/osepmendoza.com.ar\/web\/semana-nacional-de-la-epilepsia\/","og_locale":"es_ES","og_type":"article","og_title":"Semana Nacional de la Epilepsia - OSEP Mendoza","og_description":"La epilepsia es un trastorno que se presenta a trav\u00e9s...","og_url":"https:\/\/osepmendoza.com.ar\/web\/semana-nacional-de-la-epilepsia\/","og_site_name":"OSEP Mendoza","article_publisher":"https:\/\/www.facebook.com\/OSEP.MendozaArg\/","article_published_time":"2016-09-14T17:57:21+00:00","article_modified_time":"2018-12-17T14:52:35+00:00","og_image":[{"url":"http:\/\/osepmendoza.com.ar\/web\/wp-content\/uploads\/2016\/09\/IMG_3432-edit.jpg","type":"","width":"","height":""}],"author":"Sebastian Fernandez","twitter_card":"summary_large_image","twitter_creator":"@OsepMza","twitter_site":"@OsepMza","twitter_misc":{"Escrito por":"Sebastian Fernandez","Tiempo de lectura":"2 minutos"},"schema":{"@context":"https:\/\/schema.org","@graph":[{"@type":"Article","@id":"https:\/\/osepmendoza.com.ar\/web\/semana-nacional-de-la-epilepsia\/#article","isPartOf":{"@id":"https:\/\/osepmendoza.com.ar\/web\/semana-nacional-de-la-epilepsia\/"},"author":{"name":"Sebastian Fernandez","@id":"https:\/\/osepmendoza.com.ar\/web\/#\/schema\/person\/90986df7128a51e32bb66102fc247eb2"},"headline":"Semana Nacional de la Epilepsia","datePublished":"2016-09-14T17:57:21+00:00","dateModified":"2018-12-17T14:52:35+00:00","mainEntityOfPage":{"@id":"https:\/\/osepmendoza.com.ar\/web\/semana-nacional-de-la-epilepsia\/"},"wordCount":357,"publisher":{"@id":"https:\/\/osepmendoza.com.ar\/web\/#organization"},"image":{"@id":"https:\/\/osepmendoza.com.ar\/web\/semana-nacional-de-la-epilepsia\/#primaryimage"},"thumbnailUrl":"http:\/\/osepmendoza.com.ar\/web\/wp-content\/uploads\/2016\/09\/IMG_3432-edit.jpg","articleSection":["Noticias"],"inLanguage":"es"},{"@type":"WebPage","@id":"https:\/\/osepmendoza.com.ar\/web\/semana-nacional-de-la-epilepsia\/","url":"https:\/\/osepmendoza.com.ar\/web\/semana-nacional-de-la-epilepsia\/","name":"Semana Nacional de la Epilepsia - OSEP Mendoza","isPartOf":{"@id":"https:\/\/osepmendoza.com.ar\/web\/#website"},"primaryImageOfPage":{"@id":"https:\/\/osepmendoza.com.ar\/web\/semana-nacional-de-la-epilepsia\/#primaryimage"},"image":{"@id":"https:\/\/osepmendoza.com.ar\/web\/semana-nacional-de-la-epilepsia\/#primaryimage"},"thumbnailUrl":"http:\/\/osepmendoza.com.ar\/web\/wp-content\/uploads\/2016\/09\/IMG_3432-edit.jpg","datePublished":"2016-09-14T17:57:21+00:00","dateModified":"2018-12-17T14:52:35+00:00","breadcrumb":{"@id":"https:\/\/osepmendoza.com.ar\/web\/semana-nacional-de-la-epilepsia\/#breadcrumb"},"inLanguage":"es","potentialAction":[{"@type":"ReadAction","target":["https:\/\/osepmendoza.com.ar\/web\/semana-nacional-de-la-epilepsia\/"]}]},{"@type":"ImageObject","inLanguage":"es","@id":"https:\/\/osepmendoza.com.ar\/web\/semana-nacional-de-la-epilepsia\/#primaryimage","url":"http:\/\/osepmendoza.com.ar\/web\/wp-content\/uploads\/2016\/09\/IMG_3432-edit.jpg","contentUrl":"http:\/\/osepmendoza.com.ar\/web\/wp-content\/uploads\/2016\/09\/IMG_3432-edit.jpg"},{"@type":"BreadcrumbList","@id":"https:\/\/osepmendoza.com.ar\/web\/semana-nacional-de-la-epilepsia\/#breadcrumb","itemListElement":[{"@type":"ListItem","position":1,"name":"Portada","item":"https:\/\/osepmendoza.com.ar\/web\/"},{"@type":"ListItem","position":2,"name":"Semana Nacional de la Epilepsia"}]},{"@type":"WebSite","@id":"https:\/\/osepmendoza.com.ar\/web\/#website","url":"https:\/\/osepmendoza.com.ar\/web\/","name":"OSEP Mendoza","description":"Obra Social de los Empleados P\u00fablicos de Mendoza","publisher":{"@id":"https:\/\/osepmendoza.com.ar\/web\/#organization"},"potentialAction":[{"@type":"SearchAction","target":{"@type":"EntryPoint","urlTemplate":"https:\/\/osepmendoza.com.ar\/web\/?s={search_term_string}"},"query-input":{"@type":"PropertyValueSpecification","valueRequired":true,"valueName":"search_term_string"}}],"inLanguage":"es"},{"@type":"Organization","@id":"https:\/\/osepmendoza.com.ar\/web\/#organization","name":"OSEP - Obra Social de Empleados P\u00fablicos de Mendoza","url":"https:\/\/osepmendoza.com.ar\/web\/","logo":{"@type":"ImageObject","inLanguage":"es","@id":"https:\/\/osepmendoza.com.ar\/web\/#\/schema\/logo\/image\/","url":"https:\/\/osepmendoza.com.ar\/web\/wp-content\/uploads\/2020\/04\/lkTM9T9z.jpg","contentUrl":"https:\/\/osepmendoza.com.ar\/web\/wp-content\/uploads\/2020\/04\/lkTM9T9z.jpg","width":334,"height":334,"caption":"OSEP - Obra Social de Empleados P\u00fablicos de Mendoza"},"image":{"@id":"https:\/\/osepmendoza.com.ar\/web\/#\/schema\/logo\/image\/"},"sameAs":["https:\/\/www.facebook.com\/OSEP.MendozaArg\/","https:\/\/x.com\/OsepMza","https:\/\/www.instagram.com\/osep.mendoza\/","https:\/\/www.youtube.com\/user\/osepvideos"]},{"@type":"Person","@id":"https:\/\/osepmendoza.com.ar\/web\/#\/schema\/person\/90986df7128a51e32bb66102fc247eb2","name":"Sebastian Fernandez","image":{"@type":"ImageObject","inLanguage":"es","@id":"https:\/\/secure.gravatar.com\/avatar\/cc42d53caabe846896e06ed8955a60e82b2b829babcb731f86f26c42378bcfec?s=96&d=mm&r=g","url":"https:\/\/secure.gravatar.com\/avatar\/cc42d53caabe846896e06ed8955a60e82b2b829babcb731f86f26c42378bcfec?s=96&d=mm&r=g","contentUrl":"https:\/\/secure.gravatar.com\/avatar\/cc42d53caabe846896e06ed8955a60e82b2b829babcb731f86f26c42378bcfec?s=96&d=mm&r=g","caption":"Sebastian Fernandez"},"sameAs":["http:\/\/osepmendoza.com.ar\/web"]}]}},"amp_enabled":true,"_links":{"self":[{"href":"https:\/\/osepmendoza.com.ar\/web\/wp-json\/wp\/v2\/posts\/26362","targetHints":{"allow":["GET"]}}],"collection":[{"href":"https:\/\/osepmendoza.com.ar\/web\/wp-json\/wp\/v2\/posts"}],"about":[{"href":"https:\/\/osepmendoza.com.ar\/web\/wp-json\/wp\/v2\/types\/post"}],"author":[{"embeddable":true,"href":"https:\/\/osepmendoza.com.ar\/web\/wp-json\/wp\/v2\/users\/12"}],"replies":[{"embeddable":true,"href":"https:\/\/osepmendoza.com.ar\/web\/wp-json\/wp\/v2\/comments?post=26362"}],"version-history":[{"count":1,"href":"https:\/\/osepmendoza.com.ar\/web\/wp-json\/wp\/v2\/posts\/26362\/revisions"}],"predecessor-version":[{"id":36044,"href":"https:\/\/osepmendoza.com.ar\/web\/wp-json\/wp\/v2\/posts\/26362\/revisions\/36044"}],"wp:attachment":[{"href":"https:\/\/osepmendoza.com.ar\/web\/wp-json\/wp\/v2\/media?parent=26362"}],"wp:term":[{"taxonomy":"category","embeddable":true,"href":"https:\/\/osepmendoza.com.ar\/web\/wp-json\/wp\/v2\/categories?post=26362"},{"taxonomy":"post_tag","embeddable":true,"href":"https:\/\/osepmendoza.com.ar\/web\/wp-json\/wp\/v2\/tags?post=26362"}],"curies":[{"name":"wp","href":"https:\/\/api.w.org\/{rel}","templated":true}]}}