{"id":25032,"date":"2016-04-04T17:32:49","date_gmt":"2016-04-04T17:32:49","guid":{"rendered":"http:\/\/osepmendoza.com.ar\/web\/?p=25032"},"modified":"2018-12-17T11:53:13","modified_gmt":"2018-12-17T14:53:13","slug":"nuevas-autoridades-en-osep-maipu","status":"publish","type":"post","link":"https:\/\/osepmendoza.com.ar\/web\/nuevas-autoridades-en-osep-maipu\/","title":{"rendered":"Nuevas autoridades en OSEP Maip\u00fa"},"content":{"rendered":"<p>El Director General de la Obra Social, Sergio Vergara, puso en funciones a las nuevas autoridades de OSEP Maip\u00fa; como Gerente Asistencial , David L\u00f3pez, Administrador General, Andr\u00e9s Arias y Coordinador de Odontolog\u00eda, Walter Rinaldi.<\/p>\n<p>Del acto tambi\u00e9n se hicieron presentes, el Director General de la Regi\u00f3n Metropolitana Sur del Ministerio de Salud, Sergio Dragoni, la Directora de Gesti\u00f3n Territorial de OSEP, Andrea Carrasco, funcionarios municipales, personal de la Obra Social y p\u00fablico en general.<\/p>\n<p>En concordancia con cada asunci\u00f3n, el Director de la Obra Social, Sergio Vergara, manifest\u00f3 su apoyo incondicional a los responsables de OSEP Maip\u00fa y los invit\u00f3 a sumarse al desaf\u00edo de salir de la crisis que acarrea la obra social mediante el trabajo en conjunto y cotidiano.<\/p>\n<p>\u201cHoy tenemos la posibilidad de transformarnos en una Instituci\u00f3n absolutamente seria para otorgar a nuestros afiliados un alto profesionalismo y un nivel de condiciones que garanticen el acceso a los servicios, de forma oportuna y con calidad. Es un proceso en donde la prevenci\u00f3n y la promoci\u00f3n deben ser acciones de todos los d\u00edas, no por una gesti\u00f3n \u201d- afirma Sergio Vergara.<\/p>\n<p>Por su parte, el Gerente Asistencial, David L\u00f3pez, destaca que se ha llevado a cabo una reorganizaci\u00f3n de la Obra Social, donde se han distribuido cargos de personas y se ha realizado una ampliaci\u00f3n en los horarios con el objetivo de mejorar los servicios a los afiliados. La infraestructura, tambi\u00e9n se esta sometiendo a mantenimiento: techos, mamposter\u00eda, refrigeraci\u00f3n y calefacci\u00f3n ha sido mejorada.<\/p>\n<p>Demostrando el compromiso y cari\u00f1o que lo une a esta Instituci\u00f3n, L\u00f3pez afirma que \u201clos profesionales y administrativos estamos para el afiliado, ofreciendo calidad en losdiferentes servicios disminuyendo la inequidad territorial\u201d.<\/p>\n\n","protected":false},"excerpt":{"rendered":"<p>El Director General de la Obra Social, Sergio Vergara, puso&#8230;<\/p>\n","protected":false},"author":14,"featured_media":0,"comment_status":"closed","ping_status":"closed","sticky":false,"template":"","format":"standard","meta":{"_acf_changed":false,"inline_featured_image":false,"_exactmetrics_skip_tracking":false,"_exactmetrics_sitenote_active":false,"_exactmetrics_sitenote_note":"","_exactmetrics_sitenote_category":0,"footnotes":"","_links_to":"","_links_to_target":""},"categories":[101],"tags":[],"class_list":["post-25032","post","type-post","status-publish","format-standard","hentry","category-noticias"],"acf":[],"yoast_head":"<!-- This site is optimized with the Yoast SEO plugin v27.5 - https:\/\/yoast.com\/product\/yoast-seo-wordpress\/ -->\n<title>Nuevas autoridades en OSEP Maip\u00fa - OSEP Mendoza<\/title>\n<meta name=\"robots\" content=\"index, follow, max-snippet:-1, max-image-preview:large, max-video-preview:-1\" \/>\n<link rel=\"canonical\" href=\"https:\/\/osepmendoza.com.ar\/web\/nuevas-autoridades-en-osep-maipu\/\" \/>\n<meta property=\"og:locale\" content=\"es_ES\" \/>\n<meta property=\"og:type\" content=\"article\" \/>\n<meta property=\"og:title\" content=\"Nuevas autoridades en OSEP Maip\u00fa - OSEP Mendoza\" \/>\n<meta property=\"og:description\" content=\"El Director General de la Obra Social, Sergio Vergara, puso...\" \/>\n<meta property=\"og:url\" content=\"https:\/\/osepmendoza.com.ar\/web\/nuevas-autoridades-en-osep-maipu\/\" \/>\n<meta property=\"og:site_name\" content=\"OSEP Mendoza\" \/>\n<meta property=\"article:publisher\" content=\"https:\/\/www.facebook.com\/OSEP.MendozaArg\/\" \/>\n<meta property=\"article:published_time\" content=\"2016-04-04T17:32:49+00:00\" \/>\n<meta property=\"article:modified_time\" content=\"2018-12-17T14:53:13+00:00\" \/>\n<meta name=\"author\" content=\"OSEP Mendoza\" \/>\n<meta name=\"twitter:card\" content=\"summary_large_image\" \/>\n<meta name=\"twitter:creator\" content=\"@OsepMza\" \/>\n<meta name=\"twitter:site\" content=\"@OsepMza\" \/>\n<meta name=\"twitter:label1\" content=\"Escrito por\" \/>\n\t<meta name=\"twitter:data1\" content=\"OSEP Mendoza\" \/>\n\t<meta name=\"twitter:label2\" content=\"Tiempo de lectura\" \/>\n\t<meta name=\"twitter:data2\" content=\"2 minutos\" \/>\n<script type=\"application\/ld+json\" class=\"yoast-schema-graph\">{\"@context\":\"https:\\\/\\\/schema.org\",\"@graph\":[{\"@type\":\"Article\",\"@id\":\"https:\\\/\\\/osepmendoza.com.ar\\\/web\\\/nuevas-autoridades-en-osep-maipu\\\/#article\",\"isPartOf\":{\"@id\":\"https:\\\/\\\/osepmendoza.com.ar\\\/web\\\/nuevas-autoridades-en-osep-maipu\\\/\"},\"author\":{\"name\":\"OSEP Mendoza\",\"@id\":\"https:\\\/\\\/osepmendoza.com.ar\\\/web\\\/#\\\/schema\\\/person\\\/83887fc7edc21681fe0b2c86768f1b23\"},\"headline\":\"Nuevas autoridades en OSEP Maip\u00fa\",\"datePublished\":\"2016-04-04T17:32:49+00:00\",\"dateModified\":\"2018-12-17T14:53:13+00:00\",\"mainEntityOfPage\":{\"@id\":\"https:\\\/\\\/osepmendoza.com.ar\\\/web\\\/nuevas-autoridades-en-osep-maipu\\\/\"},\"wordCount\":310,\"publisher\":{\"@id\":\"https:\\\/\\\/osepmendoza.com.ar\\\/web\\\/#organization\"},\"articleSection\":[\"Noticias\"],\"inLanguage\":\"es\"},{\"@type\":\"WebPage\",\"@id\":\"https:\\\/\\\/osepmendoza.com.ar\\\/web\\\/nuevas-autoridades-en-osep-maipu\\\/\",\"url\":\"https:\\\/\\\/osepmendoza.com.ar\\\/web\\\/nuevas-autoridades-en-osep-maipu\\\/\",\"name\":\"Nuevas autoridades en OSEP Maip\u00fa - OSEP Mendoza\",\"isPartOf\":{\"@id\":\"https:\\\/\\\/osepmendoza.com.ar\\\/web\\\/#website\"},\"datePublished\":\"2016-04-04T17:32:49+00:00\",\"dateModified\":\"2018-12-17T14:53:13+00:00\",\"breadcrumb\":{\"@id\":\"https:\\\/\\\/osepmendoza.com.ar\\\/web\\\/nuevas-autoridades-en-osep-maipu\\\/#breadcrumb\"},\"inLanguage\":\"es\",\"potentialAction\":[{\"@type\":\"ReadAction\",\"target\":[\"https:\\\/\\\/osepmendoza.com.ar\\\/web\\\/nuevas-autoridades-en-osep-maipu\\\/\"]}]},{\"@type\":\"BreadcrumbList\",\"@id\":\"https:\\\/\\\/osepmendoza.com.ar\\\/web\\\/nuevas-autoridades-en-osep-maipu\\\/#breadcrumb\",\"itemListElement\":[{\"@type\":\"ListItem\",\"position\":1,\"name\":\"Portada\",\"item\":\"https:\\\/\\\/osepmendoza.com.ar\\\/web\\\/\"},{\"@type\":\"ListItem\",\"position\":2,\"name\":\"Nuevas autoridades en OSEP Maip\u00fa\"}]},{\"@type\":\"WebSite\",\"@id\":\"https:\\\/\\\/osepmendoza.com.ar\\\/web\\\/#website\",\"url\":\"https:\\\/\\\/osepmendoza.com.ar\\\/web\\\/\",\"name\":\"OSEP Mendoza\",\"description\":\"Obra Social de los Empleados P\u00fablicos de Mendoza\",\"publisher\":{\"@id\":\"https:\\\/\\\/osepmendoza.com.ar\\\/web\\\/#organization\"},\"potentialAction\":[{\"@type\":\"SearchAction\",\"target\":{\"@type\":\"EntryPoint\",\"urlTemplate\":\"https:\\\/\\\/osepmendoza.com.ar\\\/web\\\/?s={search_term_string}\"},\"query-input\":{\"@type\":\"PropertyValueSpecification\",\"valueRequired\":true,\"valueName\":\"search_term_string\"}}],\"inLanguage\":\"es\"},{\"@type\":\"Organization\",\"@id\":\"https:\\\/\\\/osepmendoza.com.ar\\\/web\\\/#organization\",\"name\":\"OSEP - Obra Social de Empleados P\u00fablicos de Mendoza\",\"url\":\"https:\\\/\\\/osepmendoza.com.ar\\\/web\\\/\",\"logo\":{\"@type\":\"ImageObject\",\"inLanguage\":\"es\",\"@id\":\"https:\\\/\\\/osepmendoza.com.ar\\\/web\\\/#\\\/schema\\\/logo\\\/image\\\/\",\"url\":\"https:\\\/\\\/osepmendoza.com.ar\\\/web\\\/wp-content\\\/uploads\\\/2020\\\/04\\\/lkTM9T9z.jpg\",\"contentUrl\":\"https:\\\/\\\/osepmendoza.com.ar\\\/web\\\/wp-content\\\/uploads\\\/2020\\\/04\\\/lkTM9T9z.jpg\",\"width\":334,\"height\":334,\"caption\":\"OSEP - Obra Social de Empleados P\u00fablicos de Mendoza\"},\"image\":{\"@id\":\"https:\\\/\\\/osepmendoza.com.ar\\\/web\\\/#\\\/schema\\\/logo\\\/image\\\/\"},\"sameAs\":[\"https:\\\/\\\/www.facebook.com\\\/OSEP.MendozaArg\\\/\",\"https:\\\/\\\/x.com\\\/OsepMza\",\"https:\\\/\\\/www.instagram.com\\\/osep.mendoza\\\/\",\"https:\\\/\\\/www.youtube.com\\\/user\\\/osepvideos\"]},{\"@type\":\"Person\",\"@id\":\"https:\\\/\\\/osepmendoza.com.ar\\\/web\\\/#\\\/schema\\\/person\\\/83887fc7edc21681fe0b2c86768f1b23\",\"name\":\"OSEP Mendoza\",\"image\":{\"@type\":\"ImageObject\",\"inLanguage\":\"es\",\"@id\":\"https:\\\/\\\/secure.gravatar.com\\\/avatar\\\/76a21c9350b28f453948926e29bdf25d886846e443a2312407e8313fa25635e2?s=96&d=mm&r=g\",\"url\":\"https:\\\/\\\/secure.gravatar.com\\\/avatar\\\/76a21c9350b28f453948926e29bdf25d886846e443a2312407e8313fa25635e2?s=96&d=mm&r=g\",\"contentUrl\":\"https:\\\/\\\/secure.gravatar.com\\\/avatar\\\/76a21c9350b28f453948926e29bdf25d886846e443a2312407e8313fa25635e2?s=96&d=mm&r=g\",\"caption\":\"OSEP Mendoza\"},\"sameAs\":[\"http:\\\/\\\/osepmendoza.com.ar\\\/web\"]}]}<\/script>\n<!-- \/ Yoast SEO plugin. -->","yoast_head_json":{"title":"Nuevas autoridades en OSEP Maip\u00fa - OSEP Mendoza","robots":{"index":"index","follow":"follow","max-snippet":"max-snippet:-1","max-image-preview":"max-image-preview:large","max-video-preview":"max-video-preview:-1"},"canonical":"https:\/\/osepmendoza.com.ar\/web\/nuevas-autoridades-en-osep-maipu\/","og_locale":"es_ES","og_type":"article","og_title":"Nuevas autoridades en OSEP Maip\u00fa - OSEP Mendoza","og_description":"El Director General de la Obra Social, Sergio Vergara, puso...","og_url":"https:\/\/osepmendoza.com.ar\/web\/nuevas-autoridades-en-osep-maipu\/","og_site_name":"OSEP Mendoza","article_publisher":"https:\/\/www.facebook.com\/OSEP.MendozaArg\/","article_published_time":"2016-04-04T17:32:49+00:00","article_modified_time":"2018-12-17T14:53:13+00:00","author":"OSEP Mendoza","twitter_card":"summary_large_image","twitter_creator":"@OsepMza","twitter_site":"@OsepMza","twitter_misc":{"Escrito por":"OSEP Mendoza","Tiempo de lectura":"2 minutos"},"schema":{"@context":"https:\/\/schema.org","@graph":[{"@type":"Article","@id":"https:\/\/osepmendoza.com.ar\/web\/nuevas-autoridades-en-osep-maipu\/#article","isPartOf":{"@id":"https:\/\/osepmendoza.com.ar\/web\/nuevas-autoridades-en-osep-maipu\/"},"author":{"name":"OSEP Mendoza","@id":"https:\/\/osepmendoza.com.ar\/web\/#\/schema\/person\/83887fc7edc21681fe0b2c86768f1b23"},"headline":"Nuevas autoridades en OSEP Maip\u00fa","datePublished":"2016-04-04T17:32:49+00:00","dateModified":"2018-12-17T14:53:13+00:00","mainEntityOfPage":{"@id":"https:\/\/osepmendoza.com.ar\/web\/nuevas-autoridades-en-osep-maipu\/"},"wordCount":310,"publisher":{"@id":"https:\/\/osepmendoza.com.ar\/web\/#organization"},"articleSection":["Noticias"],"inLanguage":"es"},{"@type":"WebPage","@id":"https:\/\/osepmendoza.com.ar\/web\/nuevas-autoridades-en-osep-maipu\/","url":"https:\/\/osepmendoza.com.ar\/web\/nuevas-autoridades-en-osep-maipu\/","name":"Nuevas autoridades en OSEP Maip\u00fa - OSEP Mendoza","isPartOf":{"@id":"https:\/\/osepmendoza.com.ar\/web\/#website"},"datePublished":"2016-04-04T17:32:49+00:00","dateModified":"2018-12-17T14:53:13+00:00","breadcrumb":{"@id":"https:\/\/osepmendoza.com.ar\/web\/nuevas-autoridades-en-osep-maipu\/#breadcrumb"},"inLanguage":"es","potentialAction":[{"@type":"ReadAction","target":["https:\/\/osepmendoza.com.ar\/web\/nuevas-autoridades-en-osep-maipu\/"]}]},{"@type":"BreadcrumbList","@id":"https:\/\/osepmendoza.com.ar\/web\/nuevas-autoridades-en-osep-maipu\/#breadcrumb","itemListElement":[{"@type":"ListItem","position":1,"name":"Portada","item":"https:\/\/osepmendoza.com.ar\/web\/"},{"@type":"ListItem","position":2,"name":"Nuevas autoridades en OSEP Maip\u00fa"}]},{"@type":"WebSite","@id":"https:\/\/osepmendoza.com.ar\/web\/#website","url":"https:\/\/osepmendoza.com.ar\/web\/","name":"OSEP Mendoza","description":"Obra Social de los Empleados P\u00fablicos de Mendoza","publisher":{"@id":"https:\/\/osepmendoza.com.ar\/web\/#organization"},"potentialAction":[{"@type":"SearchAction","target":{"@type":"EntryPoint","urlTemplate":"https:\/\/osepmendoza.com.ar\/web\/?s={search_term_string}"},"query-input":{"@type":"PropertyValueSpecification","valueRequired":true,"valueName":"search_term_string"}}],"inLanguage":"es"},{"@type":"Organization","@id":"https:\/\/osepmendoza.com.ar\/web\/#organization","name":"OSEP - Obra Social de Empleados P\u00fablicos de Mendoza","url":"https:\/\/osepmendoza.com.ar\/web\/","logo":{"@type":"ImageObject","inLanguage":"es","@id":"https:\/\/osepmendoza.com.ar\/web\/#\/schema\/logo\/image\/","url":"https:\/\/osepmendoza.com.ar\/web\/wp-content\/uploads\/2020\/04\/lkTM9T9z.jpg","contentUrl":"https:\/\/osepmendoza.com.ar\/web\/wp-content\/uploads\/2020\/04\/lkTM9T9z.jpg","width":334,"height":334,"caption":"OSEP - Obra Social de Empleados P\u00fablicos de Mendoza"},"image":{"@id":"https:\/\/osepmendoza.com.ar\/web\/#\/schema\/logo\/image\/"},"sameAs":["https:\/\/www.facebook.com\/OSEP.MendozaArg\/","https:\/\/x.com\/OsepMza","https:\/\/www.instagram.com\/osep.mendoza\/","https:\/\/www.youtube.com\/user\/osepvideos"]},{"@type":"Person","@id":"https:\/\/osepmendoza.com.ar\/web\/#\/schema\/person\/83887fc7edc21681fe0b2c86768f1b23","name":"OSEP Mendoza","image":{"@type":"ImageObject","inLanguage":"es","@id":"https:\/\/secure.gravatar.com\/avatar\/76a21c9350b28f453948926e29bdf25d886846e443a2312407e8313fa25635e2?s=96&d=mm&r=g","url":"https:\/\/secure.gravatar.com\/avatar\/76a21c9350b28f453948926e29bdf25d886846e443a2312407e8313fa25635e2?s=96&d=mm&r=g","contentUrl":"https:\/\/secure.gravatar.com\/avatar\/76a21c9350b28f453948926e29bdf25d886846e443a2312407e8313fa25635e2?s=96&d=mm&r=g","caption":"OSEP Mendoza"},"sameAs":["http:\/\/osepmendoza.com.ar\/web"]}]}},"amp_enabled":true,"_links":{"self":[{"href":"https:\/\/osepmendoza.com.ar\/web\/wp-json\/wp\/v2\/posts\/25032","targetHints":{"allow":["GET"]}}],"collection":[{"href":"https:\/\/osepmendoza.com.ar\/web\/wp-json\/wp\/v2\/posts"}],"about":[{"href":"https:\/\/osepmendoza.com.ar\/web\/wp-json\/wp\/v2\/types\/post"}],"author":[{"embeddable":true,"href":"https:\/\/osepmendoza.com.ar\/web\/wp-json\/wp\/v2\/users\/14"}],"replies":[{"embeddable":true,"href":"https:\/\/osepmendoza.com.ar\/web\/wp-json\/wp\/v2\/comments?post=25032"}],"version-history":[{"count":1,"href":"https:\/\/osepmendoza.com.ar\/web\/wp-json\/wp\/v2\/posts\/25032\/revisions"}],"predecessor-version":[{"id":36184,"href":"https:\/\/osepmendoza.com.ar\/web\/wp-json\/wp\/v2\/posts\/25032\/revisions\/36184"}],"wp:attachment":[{"href":"https:\/\/osepmendoza.com.ar\/web\/wp-json\/wp\/v2\/media?parent=25032"}],"wp:term":[{"taxonomy":"category","embeddable":true,"href":"https:\/\/osepmendoza.com.ar\/web\/wp-json\/wp\/v2\/categories?post=25032"},{"taxonomy":"post_tag","embeddable":true,"href":"https:\/\/osepmendoza.com.ar\/web\/wp-json\/wp\/v2\/tags?post=25032"}],"curies":[{"name":"wp","href":"https:\/\/api.w.org\/{rel}","templated":true}]}}