{"id":24807,"date":"2016-03-23T18:53:27","date_gmt":"2016-03-23T18:53:27","guid":{"rendered":"http:\/\/osepmendoza.com.ar\/web\/?p=24807"},"modified":"2018-12-17T11:53:14","modified_gmt":"2018-12-17T14:53:14","slug":"concluyeron-las-actividades-por-el-mes-de-la-mujer-en-guaymallen","status":"publish","type":"post","link":"https:\/\/osepmendoza.com.ar\/web\/concluyeron-las-actividades-por-el-mes-de-la-mujer-en-guaymallen\/","title":{"rendered":"Concluyeron las actividades por el mes de la mujer en Guaymall\u00e9n"},"content":{"rendered":"<p>Las activi<a href=\"http:\/\/osepmendoza.com.ar\/web\/wp-content\/uploads\/2016\/03\/ACTO-MES-MUJER-GLLEN.jpg\"><img loading=\"lazy\" decoding=\"async\" class=\"alignleft wp-image-24808\" src=\"http:\/\/osepmendoza.com.ar\/web\/wp-content\/uploads\/2016\/03\/ACTO-MES-MUJER-GLLEN.jpg\" alt=\"ACTO MES MUJER GLLEN\" width=\"378\" height=\"214\" \/><\/a>dades, organizadas por OSEP y el municipio de Guaymall\u00e9n que duraron todo el mes de <span id=\"OBJ_PREFIX_DWT88\" class=\"Object\"><span id=\"OBJ_PREFIX_DWT89\" class=\"Object\">marzo,<\/span><\/span> incluyeron\u00a0 charlas sobre la salud de la Mujer en distintos escenarios y la presencia del mam\u00f3grafo m\u00f3vil, que realiz\u00f3 mamograf\u00edas y densitometr\u00edas a las afiliadas, para generar conciencias en todas la f\u00e9minas del gran Mendoza para que cuiden de su salud.<br \/>\nLa finalizaci\u00f3n se inici\u00f3 con dos charlas en el 6to piso de la Municipalidad de Guaymall\u00e9n y el cierre formal con la presencia del Director General de OSEP, Sergio Vergara, el intendente de Guaymall\u00e9n, Marcelino Iglesias, el equipo de profesionales que coordinan OSEP Cerca, la reina del departamento, afiliados de OSEP y vecinos en general.<br \/>\nEn las palabras alusivas, Vergara record\u00f3 que antes del a\u00f1o 2000 ya se hab\u00eda comenzado a desarrollar una cultura responsable de la salud de la mujer. Manifest\u00f3 que en el camino recorrido en su anterior gesti\u00f3n en OSEP junto al intendente siempre trabajaron en pos de generar conciencia en la poblaci\u00f3n femenina fuera afiliada o no a la obra social.<br \/>\n\u201cEl derecho de la salud de la mujer est\u00e1 ligado al acceso de los servicios\u201d continu\u00f3 diciendo Vergara. Sumando a los datos indic\u00f3 que existen muchas barreras para acceder a los servicios y que en OSEP se est\u00e1 trabajando para poder sortearlas. Tambi\u00e9n indic\u00f3 que <span id=\"OBJ_PREFIX_DWT92\" class=\"Object\"><span id=\"OBJ_PREFIX_DWT93\" class=\"Object\">hoy<\/span><\/span> poseen 80.000 mujeres en edad de extremar los cuidados en la salud y s\u00f3lo un 25% de ellas est\u00e1n registradas como personas que cumplen con los controles responsables y peri\u00f3dicos.<br \/>\nPor su parte Marcelino Iglesias agradeci\u00f3 que haya sido elegido su departamento para realizar el cierre de las actividades y record\u00f3 los inicios de la lucha por la ley de salud sexual y reproductiva. En ese momento mencion\u00f3 a una mujer y profesional, entre todas las presentes, \u00a0a la doctora Cristina Z\u00fa\u00f1iga como un ejemplo de lucha por el tema de la mujer desde sus inicios.<\/p>\n","protected":false},"excerpt":{"rendered":"<p>Las actividades, organizadas por OSEP y el municipio de Guaymall\u00e9n&#8230;<\/p>\n","protected":false},"author":14,"featured_media":0,"comment_status":"closed","ping_status":"closed","sticky":false,"template":"","format":"standard","meta":{"_acf_changed":false,"inline_featured_image":false,"_exactmetrics_skip_tracking":false,"_exactmetrics_sitenote_active":false,"_exactmetrics_sitenote_note":"","_exactmetrics_sitenote_category":0,"footnotes":"","_links_to":"","_links_to_target":""},"categories":[101],"tags":[],"class_list":["post-24807","post","type-post","status-publish","format-standard","hentry","category-noticias"],"acf":[],"yoast_head":"<!-- This site is optimized with the Yoast SEO plugin v27.5 - https:\/\/yoast.com\/product\/yoast-seo-wordpress\/ -->\n<title>Concluyeron las actividades por el mes de la mujer en Guaymall\u00e9n - OSEP Mendoza<\/title>\n<meta name=\"robots\" content=\"index, follow, max-snippet:-1, max-image-preview:large, max-video-preview:-1\" \/>\n<link rel=\"canonical\" href=\"https:\/\/osepmendoza.com.ar\/web\/concluyeron-las-actividades-por-el-mes-de-la-mujer-en-guaymallen\/\" \/>\n<meta property=\"og:locale\" content=\"es_ES\" \/>\n<meta property=\"og:type\" content=\"article\" \/>\n<meta property=\"og:title\" content=\"Concluyeron las actividades por el mes de la mujer en Guaymall\u00e9n - OSEP Mendoza\" \/>\n<meta property=\"og:description\" content=\"Las actividades, organizadas por OSEP y el municipio de Guaymall\u00e9n...\" \/>\n<meta property=\"og:url\" content=\"https:\/\/osepmendoza.com.ar\/web\/concluyeron-las-actividades-por-el-mes-de-la-mujer-en-guaymallen\/\" \/>\n<meta property=\"og:site_name\" content=\"OSEP Mendoza\" \/>\n<meta property=\"article:publisher\" content=\"https:\/\/www.facebook.com\/OSEP.MendozaArg\/\" \/>\n<meta property=\"article:published_time\" content=\"2016-03-23T18:53:27+00:00\" \/>\n<meta property=\"article:modified_time\" content=\"2018-12-17T14:53:14+00:00\" \/>\n<meta property=\"og:image\" content=\"http:\/\/osepmendoza.com.ar\/web\/wp-content\/uploads\/2016\/03\/ACTO-MES-MUJER-GLLEN.jpg\" \/>\n<meta name=\"author\" content=\"OSEP Mendoza\" \/>\n<meta name=\"twitter:card\" content=\"summary_large_image\" \/>\n<meta name=\"twitter:creator\" content=\"@OsepMza\" \/>\n<meta name=\"twitter:site\" content=\"@OsepMza\" \/>\n<meta name=\"twitter:label1\" content=\"Escrito por\" \/>\n\t<meta name=\"twitter:data1\" content=\"OSEP Mendoza\" \/>\n\t<meta name=\"twitter:label2\" content=\"Tiempo de lectura\" \/>\n\t<meta name=\"twitter:data2\" content=\"2 minutos\" \/>\n<script type=\"application\/ld+json\" class=\"yoast-schema-graph\">{\"@context\":\"https:\\\/\\\/schema.org\",\"@graph\":[{\"@type\":\"Article\",\"@id\":\"https:\\\/\\\/osepmendoza.com.ar\\\/web\\\/concluyeron-las-actividades-por-el-mes-de-la-mujer-en-guaymallen\\\/#article\",\"isPartOf\":{\"@id\":\"https:\\\/\\\/osepmendoza.com.ar\\\/web\\\/concluyeron-las-actividades-por-el-mes-de-la-mujer-en-guaymallen\\\/\"},\"author\":{\"name\":\"OSEP Mendoza\",\"@id\":\"https:\\\/\\\/osepmendoza.com.ar\\\/web\\\/#\\\/schema\\\/person\\\/83887fc7edc21681fe0b2c86768f1b23\"},\"headline\":\"Concluyeron las actividades por el mes de la mujer en Guaymall\u00e9n\",\"datePublished\":\"2016-03-23T18:53:27+00:00\",\"dateModified\":\"2018-12-17T14:53:14+00:00\",\"mainEntityOfPage\":{\"@id\":\"https:\\\/\\\/osepmendoza.com.ar\\\/web\\\/concluyeron-las-actividades-por-el-mes-de-la-mujer-en-guaymallen\\\/\"},\"wordCount\":343,\"publisher\":{\"@id\":\"https:\\\/\\\/osepmendoza.com.ar\\\/web\\\/#organization\"},\"image\":{\"@id\":\"https:\\\/\\\/osepmendoza.com.ar\\\/web\\\/concluyeron-las-actividades-por-el-mes-de-la-mujer-en-guaymallen\\\/#primaryimage\"},\"thumbnailUrl\":\"http:\\\/\\\/osepmendoza.com.ar\\\/web\\\/wp-content\\\/uploads\\\/2016\\\/03\\\/ACTO-MES-MUJER-GLLEN.jpg\",\"articleSection\":[\"Noticias\"],\"inLanguage\":\"es\"},{\"@type\":\"WebPage\",\"@id\":\"https:\\\/\\\/osepmendoza.com.ar\\\/web\\\/concluyeron-las-actividades-por-el-mes-de-la-mujer-en-guaymallen\\\/\",\"url\":\"https:\\\/\\\/osepmendoza.com.ar\\\/web\\\/concluyeron-las-actividades-por-el-mes-de-la-mujer-en-guaymallen\\\/\",\"name\":\"Concluyeron las actividades por el mes de la mujer en Guaymall\u00e9n - OSEP Mendoza\",\"isPartOf\":{\"@id\":\"https:\\\/\\\/osepmendoza.com.ar\\\/web\\\/#website\"},\"primaryImageOfPage\":{\"@id\":\"https:\\\/\\\/osepmendoza.com.ar\\\/web\\\/concluyeron-las-actividades-por-el-mes-de-la-mujer-en-guaymallen\\\/#primaryimage\"},\"image\":{\"@id\":\"https:\\\/\\\/osepmendoza.com.ar\\\/web\\\/concluyeron-las-actividades-por-el-mes-de-la-mujer-en-guaymallen\\\/#primaryimage\"},\"thumbnailUrl\":\"http:\\\/\\\/osepmendoza.com.ar\\\/web\\\/wp-content\\\/uploads\\\/2016\\\/03\\\/ACTO-MES-MUJER-GLLEN.jpg\",\"datePublished\":\"2016-03-23T18:53:27+00:00\",\"dateModified\":\"2018-12-17T14:53:14+00:00\",\"breadcrumb\":{\"@id\":\"https:\\\/\\\/osepmendoza.com.ar\\\/web\\\/concluyeron-las-actividades-por-el-mes-de-la-mujer-en-guaymallen\\\/#breadcrumb\"},\"inLanguage\":\"es\",\"potentialAction\":[{\"@type\":\"ReadAction\",\"target\":[\"https:\\\/\\\/osepmendoza.com.ar\\\/web\\\/concluyeron-las-actividades-por-el-mes-de-la-mujer-en-guaymallen\\\/\"]}]},{\"@type\":\"ImageObject\",\"inLanguage\":\"es\",\"@id\":\"https:\\\/\\\/osepmendoza.com.ar\\\/web\\\/concluyeron-las-actividades-por-el-mes-de-la-mujer-en-guaymallen\\\/#primaryimage\",\"url\":\"http:\\\/\\\/osepmendoza.com.ar\\\/web\\\/wp-content\\\/uploads\\\/2016\\\/03\\\/ACTO-MES-MUJER-GLLEN.jpg\",\"contentUrl\":\"http:\\\/\\\/osepmendoza.com.ar\\\/web\\\/wp-content\\\/uploads\\\/2016\\\/03\\\/ACTO-MES-MUJER-GLLEN.jpg\"},{\"@type\":\"BreadcrumbList\",\"@id\":\"https:\\\/\\\/osepmendoza.com.ar\\\/web\\\/concluyeron-las-actividades-por-el-mes-de-la-mujer-en-guaymallen\\\/#breadcrumb\",\"itemListElement\":[{\"@type\":\"ListItem\",\"position\":1,\"name\":\"Portada\",\"item\":\"https:\\\/\\\/osepmendoza.com.ar\\\/web\\\/\"},{\"@type\":\"ListItem\",\"position\":2,\"name\":\"Concluyeron las actividades por el mes de la mujer en Guaymall\u00e9n\"}]},{\"@type\":\"WebSite\",\"@id\":\"https:\\\/\\\/osepmendoza.com.ar\\\/web\\\/#website\",\"url\":\"https:\\\/\\\/osepmendoza.com.ar\\\/web\\\/\",\"name\":\"OSEP Mendoza\",\"description\":\"Obra Social de los Empleados P\u00fablicos de Mendoza\",\"publisher\":{\"@id\":\"https:\\\/\\\/osepmendoza.com.ar\\\/web\\\/#organization\"},\"potentialAction\":[{\"@type\":\"SearchAction\",\"target\":{\"@type\":\"EntryPoint\",\"urlTemplate\":\"https:\\\/\\\/osepmendoza.com.ar\\\/web\\\/?s={search_term_string}\"},\"query-input\":{\"@type\":\"PropertyValueSpecification\",\"valueRequired\":true,\"valueName\":\"search_term_string\"}}],\"inLanguage\":\"es\"},{\"@type\":\"Organization\",\"@id\":\"https:\\\/\\\/osepmendoza.com.ar\\\/web\\\/#organization\",\"name\":\"OSEP - Obra Social de Empleados P\u00fablicos de Mendoza\",\"url\":\"https:\\\/\\\/osepmendoza.com.ar\\\/web\\\/\",\"logo\":{\"@type\":\"ImageObject\",\"inLanguage\":\"es\",\"@id\":\"https:\\\/\\\/osepmendoza.com.ar\\\/web\\\/#\\\/schema\\\/logo\\\/image\\\/\",\"url\":\"https:\\\/\\\/osepmendoza.com.ar\\\/web\\\/wp-content\\\/uploads\\\/2020\\\/04\\\/lkTM9T9z.jpg\",\"contentUrl\":\"https:\\\/\\\/osepmendoza.com.ar\\\/web\\\/wp-content\\\/uploads\\\/2020\\\/04\\\/lkTM9T9z.jpg\",\"width\":334,\"height\":334,\"caption\":\"OSEP - Obra Social de Empleados P\u00fablicos de Mendoza\"},\"image\":{\"@id\":\"https:\\\/\\\/osepmendoza.com.ar\\\/web\\\/#\\\/schema\\\/logo\\\/image\\\/\"},\"sameAs\":[\"https:\\\/\\\/www.facebook.com\\\/OSEP.MendozaArg\\\/\",\"https:\\\/\\\/x.com\\\/OsepMza\",\"https:\\\/\\\/www.instagram.com\\\/osep.mendoza\\\/\",\"https:\\\/\\\/www.youtube.com\\\/user\\\/osepvideos\"]},{\"@type\":\"Person\",\"@id\":\"https:\\\/\\\/osepmendoza.com.ar\\\/web\\\/#\\\/schema\\\/person\\\/83887fc7edc21681fe0b2c86768f1b23\",\"name\":\"OSEP Mendoza\",\"image\":{\"@type\":\"ImageObject\",\"inLanguage\":\"es\",\"@id\":\"https:\\\/\\\/secure.gravatar.com\\\/avatar\\\/76a21c9350b28f453948926e29bdf25d886846e443a2312407e8313fa25635e2?s=96&d=mm&r=g\",\"url\":\"https:\\\/\\\/secure.gravatar.com\\\/avatar\\\/76a21c9350b28f453948926e29bdf25d886846e443a2312407e8313fa25635e2?s=96&d=mm&r=g\",\"contentUrl\":\"https:\\\/\\\/secure.gravatar.com\\\/avatar\\\/76a21c9350b28f453948926e29bdf25d886846e443a2312407e8313fa25635e2?s=96&d=mm&r=g\",\"caption\":\"OSEP Mendoza\"},\"sameAs\":[\"http:\\\/\\\/osepmendoza.com.ar\\\/web\"]}]}<\/script>\n<!-- \/ Yoast SEO plugin. -->","yoast_head_json":{"title":"Concluyeron las actividades por el mes de la mujer en Guaymall\u00e9n - OSEP Mendoza","robots":{"index":"index","follow":"follow","max-snippet":"max-snippet:-1","max-image-preview":"max-image-preview:large","max-video-preview":"max-video-preview:-1"},"canonical":"https:\/\/osepmendoza.com.ar\/web\/concluyeron-las-actividades-por-el-mes-de-la-mujer-en-guaymallen\/","og_locale":"es_ES","og_type":"article","og_title":"Concluyeron las actividades por el mes de la mujer en Guaymall\u00e9n - OSEP Mendoza","og_description":"Las actividades, organizadas por OSEP y el municipio de Guaymall\u00e9n...","og_url":"https:\/\/osepmendoza.com.ar\/web\/concluyeron-las-actividades-por-el-mes-de-la-mujer-en-guaymallen\/","og_site_name":"OSEP Mendoza","article_publisher":"https:\/\/www.facebook.com\/OSEP.MendozaArg\/","article_published_time":"2016-03-23T18:53:27+00:00","article_modified_time":"2018-12-17T14:53:14+00:00","og_image":[{"url":"http:\/\/osepmendoza.com.ar\/web\/wp-content\/uploads\/2016\/03\/ACTO-MES-MUJER-GLLEN.jpg","type":"","width":"","height":""}],"author":"OSEP Mendoza","twitter_card":"summary_large_image","twitter_creator":"@OsepMza","twitter_site":"@OsepMza","twitter_misc":{"Escrito por":"OSEP Mendoza","Tiempo de lectura":"2 minutos"},"schema":{"@context":"https:\/\/schema.org","@graph":[{"@type":"Article","@id":"https:\/\/osepmendoza.com.ar\/web\/concluyeron-las-actividades-por-el-mes-de-la-mujer-en-guaymallen\/#article","isPartOf":{"@id":"https:\/\/osepmendoza.com.ar\/web\/concluyeron-las-actividades-por-el-mes-de-la-mujer-en-guaymallen\/"},"author":{"name":"OSEP Mendoza","@id":"https:\/\/osepmendoza.com.ar\/web\/#\/schema\/person\/83887fc7edc21681fe0b2c86768f1b23"},"headline":"Concluyeron las actividades por el mes de la mujer en Guaymall\u00e9n","datePublished":"2016-03-23T18:53:27+00:00","dateModified":"2018-12-17T14:53:14+00:00","mainEntityOfPage":{"@id":"https:\/\/osepmendoza.com.ar\/web\/concluyeron-las-actividades-por-el-mes-de-la-mujer-en-guaymallen\/"},"wordCount":343,"publisher":{"@id":"https:\/\/osepmendoza.com.ar\/web\/#organization"},"image":{"@id":"https:\/\/osepmendoza.com.ar\/web\/concluyeron-las-actividades-por-el-mes-de-la-mujer-en-guaymallen\/#primaryimage"},"thumbnailUrl":"http:\/\/osepmendoza.com.ar\/web\/wp-content\/uploads\/2016\/03\/ACTO-MES-MUJER-GLLEN.jpg","articleSection":["Noticias"],"inLanguage":"es"},{"@type":"WebPage","@id":"https:\/\/osepmendoza.com.ar\/web\/concluyeron-las-actividades-por-el-mes-de-la-mujer-en-guaymallen\/","url":"https:\/\/osepmendoza.com.ar\/web\/concluyeron-las-actividades-por-el-mes-de-la-mujer-en-guaymallen\/","name":"Concluyeron las actividades por el mes de la mujer en Guaymall\u00e9n - OSEP Mendoza","isPartOf":{"@id":"https:\/\/osepmendoza.com.ar\/web\/#website"},"primaryImageOfPage":{"@id":"https:\/\/osepmendoza.com.ar\/web\/concluyeron-las-actividades-por-el-mes-de-la-mujer-en-guaymallen\/#primaryimage"},"image":{"@id":"https:\/\/osepmendoza.com.ar\/web\/concluyeron-las-actividades-por-el-mes-de-la-mujer-en-guaymallen\/#primaryimage"},"thumbnailUrl":"http:\/\/osepmendoza.com.ar\/web\/wp-content\/uploads\/2016\/03\/ACTO-MES-MUJER-GLLEN.jpg","datePublished":"2016-03-23T18:53:27+00:00","dateModified":"2018-12-17T14:53:14+00:00","breadcrumb":{"@id":"https:\/\/osepmendoza.com.ar\/web\/concluyeron-las-actividades-por-el-mes-de-la-mujer-en-guaymallen\/#breadcrumb"},"inLanguage":"es","potentialAction":[{"@type":"ReadAction","target":["https:\/\/osepmendoza.com.ar\/web\/concluyeron-las-actividades-por-el-mes-de-la-mujer-en-guaymallen\/"]}]},{"@type":"ImageObject","inLanguage":"es","@id":"https:\/\/osepmendoza.com.ar\/web\/concluyeron-las-actividades-por-el-mes-de-la-mujer-en-guaymallen\/#primaryimage","url":"http:\/\/osepmendoza.com.ar\/web\/wp-content\/uploads\/2016\/03\/ACTO-MES-MUJER-GLLEN.jpg","contentUrl":"http:\/\/osepmendoza.com.ar\/web\/wp-content\/uploads\/2016\/03\/ACTO-MES-MUJER-GLLEN.jpg"},{"@type":"BreadcrumbList","@id":"https:\/\/osepmendoza.com.ar\/web\/concluyeron-las-actividades-por-el-mes-de-la-mujer-en-guaymallen\/#breadcrumb","itemListElement":[{"@type":"ListItem","position":1,"name":"Portada","item":"https:\/\/osepmendoza.com.ar\/web\/"},{"@type":"ListItem","position":2,"name":"Concluyeron las actividades por el mes de la mujer en Guaymall\u00e9n"}]},{"@type":"WebSite","@id":"https:\/\/osepmendoza.com.ar\/web\/#website","url":"https:\/\/osepmendoza.com.ar\/web\/","name":"OSEP Mendoza","description":"Obra Social de los Empleados P\u00fablicos de Mendoza","publisher":{"@id":"https:\/\/osepmendoza.com.ar\/web\/#organization"},"potentialAction":[{"@type":"SearchAction","target":{"@type":"EntryPoint","urlTemplate":"https:\/\/osepmendoza.com.ar\/web\/?s={search_term_string}"},"query-input":{"@type":"PropertyValueSpecification","valueRequired":true,"valueName":"search_term_string"}}],"inLanguage":"es"},{"@type":"Organization","@id":"https:\/\/osepmendoza.com.ar\/web\/#organization","name":"OSEP - Obra Social de Empleados P\u00fablicos de Mendoza","url":"https:\/\/osepmendoza.com.ar\/web\/","logo":{"@type":"ImageObject","inLanguage":"es","@id":"https:\/\/osepmendoza.com.ar\/web\/#\/schema\/logo\/image\/","url":"https:\/\/osepmendoza.com.ar\/web\/wp-content\/uploads\/2020\/04\/lkTM9T9z.jpg","contentUrl":"https:\/\/osepmendoza.com.ar\/web\/wp-content\/uploads\/2020\/04\/lkTM9T9z.jpg","width":334,"height":334,"caption":"OSEP - Obra Social de Empleados P\u00fablicos de Mendoza"},"image":{"@id":"https:\/\/osepmendoza.com.ar\/web\/#\/schema\/logo\/image\/"},"sameAs":["https:\/\/www.facebook.com\/OSEP.MendozaArg\/","https:\/\/x.com\/OsepMza","https:\/\/www.instagram.com\/osep.mendoza\/","https:\/\/www.youtube.com\/user\/osepvideos"]},{"@type":"Person","@id":"https:\/\/osepmendoza.com.ar\/web\/#\/schema\/person\/83887fc7edc21681fe0b2c86768f1b23","name":"OSEP Mendoza","image":{"@type":"ImageObject","inLanguage":"es","@id":"https:\/\/secure.gravatar.com\/avatar\/76a21c9350b28f453948926e29bdf25d886846e443a2312407e8313fa25635e2?s=96&d=mm&r=g","url":"https:\/\/secure.gravatar.com\/avatar\/76a21c9350b28f453948926e29bdf25d886846e443a2312407e8313fa25635e2?s=96&d=mm&r=g","contentUrl":"https:\/\/secure.gravatar.com\/avatar\/76a21c9350b28f453948926e29bdf25d886846e443a2312407e8313fa25635e2?s=96&d=mm&r=g","caption":"OSEP Mendoza"},"sameAs":["http:\/\/osepmendoza.com.ar\/web"]}]}},"amp_enabled":true,"_links":{"self":[{"href":"https:\/\/osepmendoza.com.ar\/web\/wp-json\/wp\/v2\/posts\/24807","targetHints":{"allow":["GET"]}}],"collection":[{"href":"https:\/\/osepmendoza.com.ar\/web\/wp-json\/wp\/v2\/posts"}],"about":[{"href":"https:\/\/osepmendoza.com.ar\/web\/wp-json\/wp\/v2\/types\/post"}],"author":[{"embeddable":true,"href":"https:\/\/osepmendoza.com.ar\/web\/wp-json\/wp\/v2\/users\/14"}],"replies":[{"embeddable":true,"href":"https:\/\/osepmendoza.com.ar\/web\/wp-json\/wp\/v2\/comments?post=24807"}],"version-history":[{"count":1,"href":"https:\/\/osepmendoza.com.ar\/web\/wp-json\/wp\/v2\/posts\/24807\/revisions"}],"predecessor-version":[{"id":36191,"href":"https:\/\/osepmendoza.com.ar\/web\/wp-json\/wp\/v2\/posts\/24807\/revisions\/36191"}],"wp:attachment":[{"href":"https:\/\/osepmendoza.com.ar\/web\/wp-json\/wp\/v2\/media?parent=24807"}],"wp:term":[{"taxonomy":"category","embeddable":true,"href":"https:\/\/osepmendoza.com.ar\/web\/wp-json\/wp\/v2\/categories?post=24807"},{"taxonomy":"post_tag","embeddable":true,"href":"https:\/\/osepmendoza.com.ar\/web\/wp-json\/wp\/v2\/tags?post=24807"}],"curies":[{"name":"wp","href":"https:\/\/api.w.org\/{rel}","templated":true}]}}