{"id":24640,"date":"2016-03-17T19:15:58","date_gmt":"2016-03-17T19:15:58","guid":{"rendered":"http:\/\/osepmendoza.com.ar\/web\/?p=24640"},"modified":"2018-12-17T11:53:14","modified_gmt":"2018-12-17T14:53:14","slug":"nuevos-convenios-con-bioquimicos-y-radiologos","status":"publish","type":"post","link":"https:\/\/osepmendoza.com.ar\/web\/nuevos-convenios-con-bioquimicos-y-radiologos\/","title":{"rendered":"Nuevos convenios con bioqu\u00edmicos y radi\u00f3logos"},"content":{"rendered":"<p>Adem\u00e1s de contar con las pr\u00e1cticas de bioqu\u00edmica, radiolog\u00eda y ecograf\u00eda en los efectores propios, a trav\u00e9s de nuevos convenios se ampli\u00f3 la oferta para que nuestros afiliados puedan elegir profesionales en el \u00e1mbito privado.<\/p>\n<p>Las prestaciones bioqu\u00edmicas, adem\u00e1s de realizarse en la red de laboratorios propios de la obra social, se extendieron a otros efectores privados dentro del territorio provincial. Los convenios involucran a profesionales del Gran Mendoza, Valle de Uco y zonas Sur y Este.<\/p>\n<p>Uno de los temas importantes a tener en cuenta es que a trav\u00e9s de estos nuevos acuerdos con bioqu\u00edmicos y radi\u00f3logos, los usuarios tendr\u00e1n claramente definidos cu\u00e1les son los coseguros que deben abonar por cada prestaci\u00f3n, evitando el pago de importes no establecidos ni autorizados por la Obra Social.<\/p>\n<p>&#8220;En caso de existir duda con respecto al coseguro, est\u00e1 habilitado el 0810-810-6737 (palabra OSEP en el teclado) para que el afiliado denuncie al profesional que no respete los copagos&#8221;- destaca el Director de OSEP, Sergio Vergara.<\/p>\n<p><a href=\"https:\/\/www.youtube.com\/watch?v=BEyf-Jgv8yA\">Nuevos convenios con bioqu\u00edmicos y radi\u00f3logos<\/a><\/p>\n","protected":false},"excerpt":{"rendered":"<p>Adem\u00e1s de contar con las pr\u00e1cticas de bioqu\u00edmica, radiolog\u00eda y&#8230;<\/p>\n","protected":false},"author":14,"featured_media":0,"comment_status":"closed","ping_status":"closed","sticky":false,"template":"","format":"standard","meta":{"_acf_changed":false,"inline_featured_image":false,"_exactmetrics_skip_tracking":false,"_exactmetrics_sitenote_active":false,"_exactmetrics_sitenote_note":"","_exactmetrics_sitenote_category":0,"footnotes":"","_links_to":"","_links_to_target":""},"categories":[101],"tags":[],"class_list":["post-24640","post","type-post","status-publish","format-standard","hentry","category-noticias"],"acf":[],"yoast_head":"<!-- This site is optimized with the Yoast SEO plugin v27.5 - https:\/\/yoast.com\/product\/yoast-seo-wordpress\/ -->\n<title>Nuevos convenios con bioqu\u00edmicos y radi\u00f3logos - OSEP Mendoza<\/title>\n<meta name=\"robots\" content=\"index, follow, max-snippet:-1, max-image-preview:large, max-video-preview:-1\" \/>\n<link rel=\"canonical\" href=\"https:\/\/osepmendoza.com.ar\/web\/nuevos-convenios-con-bioquimicos-y-radiologos\/\" \/>\n<meta property=\"og:locale\" content=\"es_ES\" \/>\n<meta property=\"og:type\" content=\"article\" \/>\n<meta property=\"og:title\" content=\"Nuevos convenios con bioqu\u00edmicos y radi\u00f3logos - OSEP Mendoza\" \/>\n<meta property=\"og:description\" content=\"Adem\u00e1s de contar con las pr\u00e1cticas de bioqu\u00edmica, radiolog\u00eda y...\" \/>\n<meta property=\"og:url\" content=\"https:\/\/osepmendoza.com.ar\/web\/nuevos-convenios-con-bioquimicos-y-radiologos\/\" \/>\n<meta property=\"og:site_name\" content=\"OSEP Mendoza\" \/>\n<meta property=\"article:publisher\" content=\"https:\/\/www.facebook.com\/OSEP.MendozaArg\/\" \/>\n<meta property=\"article:published_time\" content=\"2016-03-17T19:15:58+00:00\" \/>\n<meta property=\"article:modified_time\" content=\"2018-12-17T14:53:14+00:00\" \/>\n<meta name=\"author\" content=\"OSEP Mendoza\" \/>\n<meta name=\"twitter:card\" content=\"summary_large_image\" \/>\n<meta name=\"twitter:creator\" content=\"@OsepMza\" \/>\n<meta name=\"twitter:site\" content=\"@OsepMza\" \/>\n<meta name=\"twitter:label1\" content=\"Escrito por\" \/>\n\t<meta name=\"twitter:data1\" content=\"OSEP Mendoza\" \/>\n\t<meta name=\"twitter:label2\" content=\"Tiempo de lectura\" \/>\n\t<meta name=\"twitter:data2\" content=\"1 minuto\" \/>\n<script type=\"application\/ld+json\" class=\"yoast-schema-graph\">{\"@context\":\"https:\\\/\\\/schema.org\",\"@graph\":[{\"@type\":\"Article\",\"@id\":\"https:\\\/\\\/osepmendoza.com.ar\\\/web\\\/nuevos-convenios-con-bioquimicos-y-radiologos\\\/#article\",\"isPartOf\":{\"@id\":\"https:\\\/\\\/osepmendoza.com.ar\\\/web\\\/nuevos-convenios-con-bioquimicos-y-radiologos\\\/\"},\"author\":{\"name\":\"OSEP Mendoza\",\"@id\":\"https:\\\/\\\/osepmendoza.com.ar\\\/web\\\/#\\\/schema\\\/person\\\/83887fc7edc21681fe0b2c86768f1b23\"},\"headline\":\"Nuevos convenios con bioqu\u00edmicos y radi\u00f3logos\",\"datePublished\":\"2016-03-17T19:15:58+00:00\",\"dateModified\":\"2018-12-17T14:53:14+00:00\",\"mainEntityOfPage\":{\"@id\":\"https:\\\/\\\/osepmendoza.com.ar\\\/web\\\/nuevos-convenios-con-bioquimicos-y-radiologos\\\/\"},\"wordCount\":195,\"publisher\":{\"@id\":\"https:\\\/\\\/osepmendoza.com.ar\\\/web\\\/#organization\"},\"articleSection\":[\"Noticias\"],\"inLanguage\":\"es\"},{\"@type\":\"WebPage\",\"@id\":\"https:\\\/\\\/osepmendoza.com.ar\\\/web\\\/nuevos-convenios-con-bioquimicos-y-radiologos\\\/\",\"url\":\"https:\\\/\\\/osepmendoza.com.ar\\\/web\\\/nuevos-convenios-con-bioquimicos-y-radiologos\\\/\",\"name\":\"Nuevos convenios con bioqu\u00edmicos y radi\u00f3logos - OSEP Mendoza\",\"isPartOf\":{\"@id\":\"https:\\\/\\\/osepmendoza.com.ar\\\/web\\\/#website\"},\"datePublished\":\"2016-03-17T19:15:58+00:00\",\"dateModified\":\"2018-12-17T14:53:14+00:00\",\"breadcrumb\":{\"@id\":\"https:\\\/\\\/osepmendoza.com.ar\\\/web\\\/nuevos-convenios-con-bioquimicos-y-radiologos\\\/#breadcrumb\"},\"inLanguage\":\"es\",\"potentialAction\":[{\"@type\":\"ReadAction\",\"target\":[\"https:\\\/\\\/osepmendoza.com.ar\\\/web\\\/nuevos-convenios-con-bioquimicos-y-radiologos\\\/\"]}]},{\"@type\":\"BreadcrumbList\",\"@id\":\"https:\\\/\\\/osepmendoza.com.ar\\\/web\\\/nuevos-convenios-con-bioquimicos-y-radiologos\\\/#breadcrumb\",\"itemListElement\":[{\"@type\":\"ListItem\",\"position\":1,\"name\":\"Portada\",\"item\":\"https:\\\/\\\/osepmendoza.com.ar\\\/web\\\/\"},{\"@type\":\"ListItem\",\"position\":2,\"name\":\"Nuevos convenios con bioqu\u00edmicos y radi\u00f3logos\"}]},{\"@type\":\"WebSite\",\"@id\":\"https:\\\/\\\/osepmendoza.com.ar\\\/web\\\/#website\",\"url\":\"https:\\\/\\\/osepmendoza.com.ar\\\/web\\\/\",\"name\":\"OSEP Mendoza\",\"description\":\"Obra Social de los Empleados P\u00fablicos de Mendoza\",\"publisher\":{\"@id\":\"https:\\\/\\\/osepmendoza.com.ar\\\/web\\\/#organization\"},\"potentialAction\":[{\"@type\":\"SearchAction\",\"target\":{\"@type\":\"EntryPoint\",\"urlTemplate\":\"https:\\\/\\\/osepmendoza.com.ar\\\/web\\\/?s={search_term_string}\"},\"query-input\":{\"@type\":\"PropertyValueSpecification\",\"valueRequired\":true,\"valueName\":\"search_term_string\"}}],\"inLanguage\":\"es\"},{\"@type\":\"Organization\",\"@id\":\"https:\\\/\\\/osepmendoza.com.ar\\\/web\\\/#organization\",\"name\":\"OSEP - Obra Social de Empleados P\u00fablicos de Mendoza\",\"url\":\"https:\\\/\\\/osepmendoza.com.ar\\\/web\\\/\",\"logo\":{\"@type\":\"ImageObject\",\"inLanguage\":\"es\",\"@id\":\"https:\\\/\\\/osepmendoza.com.ar\\\/web\\\/#\\\/schema\\\/logo\\\/image\\\/\",\"url\":\"https:\\\/\\\/osepmendoza.com.ar\\\/web\\\/wp-content\\\/uploads\\\/2020\\\/04\\\/lkTM9T9z.jpg\",\"contentUrl\":\"https:\\\/\\\/osepmendoza.com.ar\\\/web\\\/wp-content\\\/uploads\\\/2020\\\/04\\\/lkTM9T9z.jpg\",\"width\":334,\"height\":334,\"caption\":\"OSEP - Obra Social de Empleados P\u00fablicos de Mendoza\"},\"image\":{\"@id\":\"https:\\\/\\\/osepmendoza.com.ar\\\/web\\\/#\\\/schema\\\/logo\\\/image\\\/\"},\"sameAs\":[\"https:\\\/\\\/www.facebook.com\\\/OSEP.MendozaArg\\\/\",\"https:\\\/\\\/x.com\\\/OsepMza\",\"https:\\\/\\\/www.instagram.com\\\/osep.mendoza\\\/\",\"https:\\\/\\\/www.youtube.com\\\/user\\\/osepvideos\"]},{\"@type\":\"Person\",\"@id\":\"https:\\\/\\\/osepmendoza.com.ar\\\/web\\\/#\\\/schema\\\/person\\\/83887fc7edc21681fe0b2c86768f1b23\",\"name\":\"OSEP Mendoza\",\"image\":{\"@type\":\"ImageObject\",\"inLanguage\":\"es\",\"@id\":\"https:\\\/\\\/secure.gravatar.com\\\/avatar\\\/76a21c9350b28f453948926e29bdf25d886846e443a2312407e8313fa25635e2?s=96&d=mm&r=g\",\"url\":\"https:\\\/\\\/secure.gravatar.com\\\/avatar\\\/76a21c9350b28f453948926e29bdf25d886846e443a2312407e8313fa25635e2?s=96&d=mm&r=g\",\"contentUrl\":\"https:\\\/\\\/secure.gravatar.com\\\/avatar\\\/76a21c9350b28f453948926e29bdf25d886846e443a2312407e8313fa25635e2?s=96&d=mm&r=g\",\"caption\":\"OSEP Mendoza\"},\"sameAs\":[\"http:\\\/\\\/osepmendoza.com.ar\\\/web\"]}]}<\/script>\n<!-- \/ Yoast SEO plugin. -->","yoast_head_json":{"title":"Nuevos convenios con bioqu\u00edmicos y radi\u00f3logos - OSEP Mendoza","robots":{"index":"index","follow":"follow","max-snippet":"max-snippet:-1","max-image-preview":"max-image-preview:large","max-video-preview":"max-video-preview:-1"},"canonical":"https:\/\/osepmendoza.com.ar\/web\/nuevos-convenios-con-bioquimicos-y-radiologos\/","og_locale":"es_ES","og_type":"article","og_title":"Nuevos convenios con bioqu\u00edmicos y radi\u00f3logos - OSEP Mendoza","og_description":"Adem\u00e1s de contar con las pr\u00e1cticas de bioqu\u00edmica, radiolog\u00eda y...","og_url":"https:\/\/osepmendoza.com.ar\/web\/nuevos-convenios-con-bioquimicos-y-radiologos\/","og_site_name":"OSEP Mendoza","article_publisher":"https:\/\/www.facebook.com\/OSEP.MendozaArg\/","article_published_time":"2016-03-17T19:15:58+00:00","article_modified_time":"2018-12-17T14:53:14+00:00","author":"OSEP Mendoza","twitter_card":"summary_large_image","twitter_creator":"@OsepMza","twitter_site":"@OsepMza","twitter_misc":{"Escrito por":"OSEP Mendoza","Tiempo de lectura":"1 minuto"},"schema":{"@context":"https:\/\/schema.org","@graph":[{"@type":"Article","@id":"https:\/\/osepmendoza.com.ar\/web\/nuevos-convenios-con-bioquimicos-y-radiologos\/#article","isPartOf":{"@id":"https:\/\/osepmendoza.com.ar\/web\/nuevos-convenios-con-bioquimicos-y-radiologos\/"},"author":{"name":"OSEP Mendoza","@id":"https:\/\/osepmendoza.com.ar\/web\/#\/schema\/person\/83887fc7edc21681fe0b2c86768f1b23"},"headline":"Nuevos convenios con bioqu\u00edmicos y radi\u00f3logos","datePublished":"2016-03-17T19:15:58+00:00","dateModified":"2018-12-17T14:53:14+00:00","mainEntityOfPage":{"@id":"https:\/\/osepmendoza.com.ar\/web\/nuevos-convenios-con-bioquimicos-y-radiologos\/"},"wordCount":195,"publisher":{"@id":"https:\/\/osepmendoza.com.ar\/web\/#organization"},"articleSection":["Noticias"],"inLanguage":"es"},{"@type":"WebPage","@id":"https:\/\/osepmendoza.com.ar\/web\/nuevos-convenios-con-bioquimicos-y-radiologos\/","url":"https:\/\/osepmendoza.com.ar\/web\/nuevos-convenios-con-bioquimicos-y-radiologos\/","name":"Nuevos convenios con bioqu\u00edmicos y radi\u00f3logos - OSEP Mendoza","isPartOf":{"@id":"https:\/\/osepmendoza.com.ar\/web\/#website"},"datePublished":"2016-03-17T19:15:58+00:00","dateModified":"2018-12-17T14:53:14+00:00","breadcrumb":{"@id":"https:\/\/osepmendoza.com.ar\/web\/nuevos-convenios-con-bioquimicos-y-radiologos\/#breadcrumb"},"inLanguage":"es","potentialAction":[{"@type":"ReadAction","target":["https:\/\/osepmendoza.com.ar\/web\/nuevos-convenios-con-bioquimicos-y-radiologos\/"]}]},{"@type":"BreadcrumbList","@id":"https:\/\/osepmendoza.com.ar\/web\/nuevos-convenios-con-bioquimicos-y-radiologos\/#breadcrumb","itemListElement":[{"@type":"ListItem","position":1,"name":"Portada","item":"https:\/\/osepmendoza.com.ar\/web\/"},{"@type":"ListItem","position":2,"name":"Nuevos convenios con bioqu\u00edmicos y radi\u00f3logos"}]},{"@type":"WebSite","@id":"https:\/\/osepmendoza.com.ar\/web\/#website","url":"https:\/\/osepmendoza.com.ar\/web\/","name":"OSEP Mendoza","description":"Obra Social de los Empleados P\u00fablicos de Mendoza","publisher":{"@id":"https:\/\/osepmendoza.com.ar\/web\/#organization"},"potentialAction":[{"@type":"SearchAction","target":{"@type":"EntryPoint","urlTemplate":"https:\/\/osepmendoza.com.ar\/web\/?s={search_term_string}"},"query-input":{"@type":"PropertyValueSpecification","valueRequired":true,"valueName":"search_term_string"}}],"inLanguage":"es"},{"@type":"Organization","@id":"https:\/\/osepmendoza.com.ar\/web\/#organization","name":"OSEP - Obra Social de Empleados P\u00fablicos de Mendoza","url":"https:\/\/osepmendoza.com.ar\/web\/","logo":{"@type":"ImageObject","inLanguage":"es","@id":"https:\/\/osepmendoza.com.ar\/web\/#\/schema\/logo\/image\/","url":"https:\/\/osepmendoza.com.ar\/web\/wp-content\/uploads\/2020\/04\/lkTM9T9z.jpg","contentUrl":"https:\/\/osepmendoza.com.ar\/web\/wp-content\/uploads\/2020\/04\/lkTM9T9z.jpg","width":334,"height":334,"caption":"OSEP - Obra Social de Empleados P\u00fablicos de Mendoza"},"image":{"@id":"https:\/\/osepmendoza.com.ar\/web\/#\/schema\/logo\/image\/"},"sameAs":["https:\/\/www.facebook.com\/OSEP.MendozaArg\/","https:\/\/x.com\/OsepMza","https:\/\/www.instagram.com\/osep.mendoza\/","https:\/\/www.youtube.com\/user\/osepvideos"]},{"@type":"Person","@id":"https:\/\/osepmendoza.com.ar\/web\/#\/schema\/person\/83887fc7edc21681fe0b2c86768f1b23","name":"OSEP Mendoza","image":{"@type":"ImageObject","inLanguage":"es","@id":"https:\/\/secure.gravatar.com\/avatar\/76a21c9350b28f453948926e29bdf25d886846e443a2312407e8313fa25635e2?s=96&d=mm&r=g","url":"https:\/\/secure.gravatar.com\/avatar\/76a21c9350b28f453948926e29bdf25d886846e443a2312407e8313fa25635e2?s=96&d=mm&r=g","contentUrl":"https:\/\/secure.gravatar.com\/avatar\/76a21c9350b28f453948926e29bdf25d886846e443a2312407e8313fa25635e2?s=96&d=mm&r=g","caption":"OSEP Mendoza"},"sameAs":["http:\/\/osepmendoza.com.ar\/web"]}]}},"amp_enabled":true,"_links":{"self":[{"href":"https:\/\/osepmendoza.com.ar\/web\/wp-json\/wp\/v2\/posts\/24640","targetHints":{"allow":["GET"]}}],"collection":[{"href":"https:\/\/osepmendoza.com.ar\/web\/wp-json\/wp\/v2\/posts"}],"about":[{"href":"https:\/\/osepmendoza.com.ar\/web\/wp-json\/wp\/v2\/types\/post"}],"author":[{"embeddable":true,"href":"https:\/\/osepmendoza.com.ar\/web\/wp-json\/wp\/v2\/users\/14"}],"replies":[{"embeddable":true,"href":"https:\/\/osepmendoza.com.ar\/web\/wp-json\/wp\/v2\/comments?post=24640"}],"version-history":[{"count":1,"href":"https:\/\/osepmendoza.com.ar\/web\/wp-json\/wp\/v2\/posts\/24640\/revisions"}],"predecessor-version":[{"id":36196,"href":"https:\/\/osepmendoza.com.ar\/web\/wp-json\/wp\/v2\/posts\/24640\/revisions\/36196"}],"wp:attachment":[{"href":"https:\/\/osepmendoza.com.ar\/web\/wp-json\/wp\/v2\/media?parent=24640"}],"wp:term":[{"taxonomy":"category","embeddable":true,"href":"https:\/\/osepmendoza.com.ar\/web\/wp-json\/wp\/v2\/categories?post=24640"},{"taxonomy":"post_tag","embeddable":true,"href":"https:\/\/osepmendoza.com.ar\/web\/wp-json\/wp\/v2\/tags?post=24640"}],"curies":[{"name":"wp","href":"https:\/\/api.w.org\/{rel}","templated":true}]}}