{"id":24485,"date":"2016-03-11T16:49:59","date_gmt":"2016-03-11T16:49:59","guid":{"rendered":"http:\/\/osepmendoza.com.ar\/web\/?p=24485"},"modified":"2018-12-17T11:53:14","modified_gmt":"2018-12-17T14:53:14","slug":"nuevas-autoridades-en-hospital-del-carmen","status":"publish","type":"post","link":"https:\/\/osepmendoza.com.ar\/web\/nuevas-autoridades-en-hospital-del-carmen\/","title":{"rendered":"Nuevas autoridades en el Hospital del Carmen"},"content":{"rendered":"<p style=\"text-align: left;\">El Director General de OSEP, Sergio Vergara, puso en funciones a los nuevos directivos del Hospital del Carmen. Como Directora, Liliana Cammi, como Director Asistencial, Mario L\u00f3pez Bravo y como Subdirectora Administrativo Contable, Gabriela Mu\u00f1oz.<span class=\"Apple-converted-space\">\u00a0<\/span><\/p>\n<p>\u201cEn estos 90 d\u00edas hemos estado trabajando para optimizar los recursos del que disponemos. La instituci\u00f3n va a estar m\u00e1s comprometida con los afiliados para atenderlos y darles lo que se merecen. Estamos empujando el carro entre todos\u201d- afirma Liliana Cammi.<\/p>\n<p>Por su parte L\u00f3pez Bravo manifest\u00f3,\u201cesta es una funci\u00f3n que conlleva mucho trabajo y es un reto. Hacerlo en equipo es fundamental para que el Hospital recupere el brillo y luz que ten\u00eda mucho tiempo atr\u00e1s y atender a nuestros afiliados es la funci\u00f3n fundamental que tiene el Hospital\u201d.<span class=\"Apple-converted-space\"><br \/>\n<\/span><\/p>\n<p>En concordancia con cada asunci\u00f3n, el Director de la Obra Social, Sergio Vergara, manifest\u00f3 su apoyo incondicional a los responsables del nosocomio y los invit\u00f3 a sumarse al desaf\u00edo de salir de la crisis que acarrea la obra social mediante el trabajo en conjunto y cotidiano.<span class=\"Apple-converted-space\">\u00a0<\/span><\/p>\n<p>Del acto se hicieron presentes el Intendente de Guaymall\u00e9n, Marcelino Iglesias, el Director del PAMI, Carlos Valcarcel, funcionarios, personal profesional y administrativo de la Obra Social.<span class=\"Apple-converted-space\"><br \/>\n<\/span><\/p>\n<p><a href=\"http:\/\/osepmendoza.com.ar\/web\/wp-content\/uploads\/2016\/03\/asuncion-del-carmen-chica.jpg\"><img loading=\"lazy\" decoding=\"async\" class=\"alignleft  wp-image-24492\" src=\"http:\/\/osepmendoza.com.ar\/web\/wp-content\/uploads\/2016\/03\/asuncion-del-carmen-chica.jpg\" alt=\"asuncion del carmen chica\" width=\"319\" height=\"212\" \/><\/a><\/p>\n","protected":false},"excerpt":{"rendered":"<p>El Director General de OSEP, Sergio Vergara, puso en funciones&#8230;<\/p>\n","protected":false},"author":14,"featured_media":0,"comment_status":"closed","ping_status":"closed","sticky":false,"template":"","format":"standard","meta":{"_acf_changed":false,"inline_featured_image":false,"_exactmetrics_skip_tracking":false,"_exactmetrics_sitenote_active":false,"_exactmetrics_sitenote_note":"","_exactmetrics_sitenote_category":0,"footnotes":"","_links_to":"","_links_to_target":""},"categories":[101],"tags":[],"class_list":["post-24485","post","type-post","status-publish","format-standard","hentry","category-noticias"],"acf":[],"yoast_head":"<!-- This site is optimized with the Yoast SEO plugin v27.5 - https:\/\/yoast.com\/product\/yoast-seo-wordpress\/ -->\n<title>Nuevas autoridades en el Hospital del Carmen - OSEP Mendoza<\/title>\n<meta name=\"robots\" content=\"index, follow, max-snippet:-1, max-image-preview:large, max-video-preview:-1\" \/>\n<link rel=\"canonical\" href=\"https:\/\/osepmendoza.com.ar\/web\/nuevas-autoridades-en-hospital-del-carmen\/\" \/>\n<meta property=\"og:locale\" content=\"es_ES\" \/>\n<meta property=\"og:type\" content=\"article\" \/>\n<meta property=\"og:title\" content=\"Nuevas autoridades en el Hospital del Carmen - OSEP Mendoza\" \/>\n<meta property=\"og:description\" content=\"El Director General de OSEP, Sergio Vergara, puso en funciones...\" \/>\n<meta property=\"og:url\" content=\"https:\/\/osepmendoza.com.ar\/web\/nuevas-autoridades-en-hospital-del-carmen\/\" \/>\n<meta property=\"og:site_name\" content=\"OSEP Mendoza\" \/>\n<meta property=\"article:publisher\" content=\"https:\/\/www.facebook.com\/OSEP.MendozaArg\/\" \/>\n<meta property=\"article:published_time\" content=\"2016-03-11T16:49:59+00:00\" \/>\n<meta property=\"article:modified_time\" content=\"2018-12-17T14:53:14+00:00\" \/>\n<meta property=\"og:image\" content=\"http:\/\/osepmendoza.com.ar\/web\/wp-content\/uploads\/2016\/03\/asuncion-del-carmen-chica.jpg\" \/>\n<meta name=\"author\" content=\"OSEP Mendoza\" \/>\n<meta name=\"twitter:card\" content=\"summary_large_image\" \/>\n<meta name=\"twitter:creator\" content=\"@OsepMza\" \/>\n<meta name=\"twitter:site\" content=\"@OsepMza\" \/>\n<meta name=\"twitter:label1\" content=\"Escrito por\" \/>\n\t<meta name=\"twitter:data1\" content=\"OSEP Mendoza\" \/>\n\t<meta name=\"twitter:label2\" content=\"Tiempo de lectura\" \/>\n\t<meta name=\"twitter:data2\" content=\"1 minuto\" \/>\n<script type=\"application\/ld+json\" class=\"yoast-schema-graph\">{\"@context\":\"https:\\\/\\\/schema.org\",\"@graph\":[{\"@type\":\"Article\",\"@id\":\"https:\\\/\\\/osepmendoza.com.ar\\\/web\\\/nuevas-autoridades-en-hospital-del-carmen\\\/#article\",\"isPartOf\":{\"@id\":\"https:\\\/\\\/osepmendoza.com.ar\\\/web\\\/nuevas-autoridades-en-hospital-del-carmen\\\/\"},\"author\":{\"name\":\"OSEP Mendoza\",\"@id\":\"https:\\\/\\\/osepmendoza.com.ar\\\/web\\\/#\\\/schema\\\/person\\\/83887fc7edc21681fe0b2c86768f1b23\"},\"headline\":\"Nuevas autoridades en el Hospital del Carmen\",\"datePublished\":\"2016-03-11T16:49:59+00:00\",\"dateModified\":\"2018-12-17T14:53:14+00:00\",\"mainEntityOfPage\":{\"@id\":\"https:\\\/\\\/osepmendoza.com.ar\\\/web\\\/nuevas-autoridades-en-hospital-del-carmen\\\/\"},\"wordCount\":218,\"publisher\":{\"@id\":\"https:\\\/\\\/osepmendoza.com.ar\\\/web\\\/#organization\"},\"image\":{\"@id\":\"https:\\\/\\\/osepmendoza.com.ar\\\/web\\\/nuevas-autoridades-en-hospital-del-carmen\\\/#primaryimage\"},\"thumbnailUrl\":\"http:\\\/\\\/osepmendoza.com.ar\\\/web\\\/wp-content\\\/uploads\\\/2016\\\/03\\\/asuncion-del-carmen-chica.jpg\",\"articleSection\":[\"Noticias\"],\"inLanguage\":\"es\"},{\"@type\":\"WebPage\",\"@id\":\"https:\\\/\\\/osepmendoza.com.ar\\\/web\\\/nuevas-autoridades-en-hospital-del-carmen\\\/\",\"url\":\"https:\\\/\\\/osepmendoza.com.ar\\\/web\\\/nuevas-autoridades-en-hospital-del-carmen\\\/\",\"name\":\"Nuevas autoridades en el Hospital del Carmen - OSEP Mendoza\",\"isPartOf\":{\"@id\":\"https:\\\/\\\/osepmendoza.com.ar\\\/web\\\/#website\"},\"primaryImageOfPage\":{\"@id\":\"https:\\\/\\\/osepmendoza.com.ar\\\/web\\\/nuevas-autoridades-en-hospital-del-carmen\\\/#primaryimage\"},\"image\":{\"@id\":\"https:\\\/\\\/osepmendoza.com.ar\\\/web\\\/nuevas-autoridades-en-hospital-del-carmen\\\/#primaryimage\"},\"thumbnailUrl\":\"http:\\\/\\\/osepmendoza.com.ar\\\/web\\\/wp-content\\\/uploads\\\/2016\\\/03\\\/asuncion-del-carmen-chica.jpg\",\"datePublished\":\"2016-03-11T16:49:59+00:00\",\"dateModified\":\"2018-12-17T14:53:14+00:00\",\"breadcrumb\":{\"@id\":\"https:\\\/\\\/osepmendoza.com.ar\\\/web\\\/nuevas-autoridades-en-hospital-del-carmen\\\/#breadcrumb\"},\"inLanguage\":\"es\",\"potentialAction\":[{\"@type\":\"ReadAction\",\"target\":[\"https:\\\/\\\/osepmendoza.com.ar\\\/web\\\/nuevas-autoridades-en-hospital-del-carmen\\\/\"]}]},{\"@type\":\"ImageObject\",\"inLanguage\":\"es\",\"@id\":\"https:\\\/\\\/osepmendoza.com.ar\\\/web\\\/nuevas-autoridades-en-hospital-del-carmen\\\/#primaryimage\",\"url\":\"http:\\\/\\\/osepmendoza.com.ar\\\/web\\\/wp-content\\\/uploads\\\/2016\\\/03\\\/asuncion-del-carmen-chica.jpg\",\"contentUrl\":\"http:\\\/\\\/osepmendoza.com.ar\\\/web\\\/wp-content\\\/uploads\\\/2016\\\/03\\\/asuncion-del-carmen-chica.jpg\"},{\"@type\":\"BreadcrumbList\",\"@id\":\"https:\\\/\\\/osepmendoza.com.ar\\\/web\\\/nuevas-autoridades-en-hospital-del-carmen\\\/#breadcrumb\",\"itemListElement\":[{\"@type\":\"ListItem\",\"position\":1,\"name\":\"Portada\",\"item\":\"https:\\\/\\\/osepmendoza.com.ar\\\/web\\\/\"},{\"@type\":\"ListItem\",\"position\":2,\"name\":\"Nuevas autoridades en el Hospital del Carmen\"}]},{\"@type\":\"WebSite\",\"@id\":\"https:\\\/\\\/osepmendoza.com.ar\\\/web\\\/#website\",\"url\":\"https:\\\/\\\/osepmendoza.com.ar\\\/web\\\/\",\"name\":\"OSEP Mendoza\",\"description\":\"Obra Social de los Empleados P\u00fablicos de Mendoza\",\"publisher\":{\"@id\":\"https:\\\/\\\/osepmendoza.com.ar\\\/web\\\/#organization\"},\"potentialAction\":[{\"@type\":\"SearchAction\",\"target\":{\"@type\":\"EntryPoint\",\"urlTemplate\":\"https:\\\/\\\/osepmendoza.com.ar\\\/web\\\/?s={search_term_string}\"},\"query-input\":{\"@type\":\"PropertyValueSpecification\",\"valueRequired\":true,\"valueName\":\"search_term_string\"}}],\"inLanguage\":\"es\"},{\"@type\":\"Organization\",\"@id\":\"https:\\\/\\\/osepmendoza.com.ar\\\/web\\\/#organization\",\"name\":\"OSEP - Obra Social de Empleados P\u00fablicos de Mendoza\",\"url\":\"https:\\\/\\\/osepmendoza.com.ar\\\/web\\\/\",\"logo\":{\"@type\":\"ImageObject\",\"inLanguage\":\"es\",\"@id\":\"https:\\\/\\\/osepmendoza.com.ar\\\/web\\\/#\\\/schema\\\/logo\\\/image\\\/\",\"url\":\"https:\\\/\\\/osepmendoza.com.ar\\\/web\\\/wp-content\\\/uploads\\\/2020\\\/04\\\/lkTM9T9z.jpg\",\"contentUrl\":\"https:\\\/\\\/osepmendoza.com.ar\\\/web\\\/wp-content\\\/uploads\\\/2020\\\/04\\\/lkTM9T9z.jpg\",\"width\":334,\"height\":334,\"caption\":\"OSEP - Obra Social de Empleados P\u00fablicos de Mendoza\"},\"image\":{\"@id\":\"https:\\\/\\\/osepmendoza.com.ar\\\/web\\\/#\\\/schema\\\/logo\\\/image\\\/\"},\"sameAs\":[\"https:\\\/\\\/www.facebook.com\\\/OSEP.MendozaArg\\\/\",\"https:\\\/\\\/x.com\\\/OsepMza\",\"https:\\\/\\\/www.instagram.com\\\/osep.mendoza\\\/\",\"https:\\\/\\\/www.youtube.com\\\/user\\\/osepvideos\"]},{\"@type\":\"Person\",\"@id\":\"https:\\\/\\\/osepmendoza.com.ar\\\/web\\\/#\\\/schema\\\/person\\\/83887fc7edc21681fe0b2c86768f1b23\",\"name\":\"OSEP Mendoza\",\"image\":{\"@type\":\"ImageObject\",\"inLanguage\":\"es\",\"@id\":\"https:\\\/\\\/secure.gravatar.com\\\/avatar\\\/76a21c9350b28f453948926e29bdf25d886846e443a2312407e8313fa25635e2?s=96&d=mm&r=g\",\"url\":\"https:\\\/\\\/secure.gravatar.com\\\/avatar\\\/76a21c9350b28f453948926e29bdf25d886846e443a2312407e8313fa25635e2?s=96&d=mm&r=g\",\"contentUrl\":\"https:\\\/\\\/secure.gravatar.com\\\/avatar\\\/76a21c9350b28f453948926e29bdf25d886846e443a2312407e8313fa25635e2?s=96&d=mm&r=g\",\"caption\":\"OSEP Mendoza\"},\"sameAs\":[\"http:\\\/\\\/osepmendoza.com.ar\\\/web\"]}]}<\/script>\n<!-- \/ Yoast SEO plugin. -->","yoast_head_json":{"title":"Nuevas autoridades en el Hospital del Carmen - OSEP Mendoza","robots":{"index":"index","follow":"follow","max-snippet":"max-snippet:-1","max-image-preview":"max-image-preview:large","max-video-preview":"max-video-preview:-1"},"canonical":"https:\/\/osepmendoza.com.ar\/web\/nuevas-autoridades-en-hospital-del-carmen\/","og_locale":"es_ES","og_type":"article","og_title":"Nuevas autoridades en el Hospital del Carmen - OSEP Mendoza","og_description":"El Director General de OSEP, Sergio Vergara, puso en funciones...","og_url":"https:\/\/osepmendoza.com.ar\/web\/nuevas-autoridades-en-hospital-del-carmen\/","og_site_name":"OSEP Mendoza","article_publisher":"https:\/\/www.facebook.com\/OSEP.MendozaArg\/","article_published_time":"2016-03-11T16:49:59+00:00","article_modified_time":"2018-12-17T14:53:14+00:00","og_image":[{"url":"http:\/\/osepmendoza.com.ar\/web\/wp-content\/uploads\/2016\/03\/asuncion-del-carmen-chica.jpg","type":"","width":"","height":""}],"author":"OSEP Mendoza","twitter_card":"summary_large_image","twitter_creator":"@OsepMza","twitter_site":"@OsepMza","twitter_misc":{"Escrito por":"OSEP Mendoza","Tiempo de lectura":"1 minuto"},"schema":{"@context":"https:\/\/schema.org","@graph":[{"@type":"Article","@id":"https:\/\/osepmendoza.com.ar\/web\/nuevas-autoridades-en-hospital-del-carmen\/#article","isPartOf":{"@id":"https:\/\/osepmendoza.com.ar\/web\/nuevas-autoridades-en-hospital-del-carmen\/"},"author":{"name":"OSEP Mendoza","@id":"https:\/\/osepmendoza.com.ar\/web\/#\/schema\/person\/83887fc7edc21681fe0b2c86768f1b23"},"headline":"Nuevas autoridades en el Hospital del Carmen","datePublished":"2016-03-11T16:49:59+00:00","dateModified":"2018-12-17T14:53:14+00:00","mainEntityOfPage":{"@id":"https:\/\/osepmendoza.com.ar\/web\/nuevas-autoridades-en-hospital-del-carmen\/"},"wordCount":218,"publisher":{"@id":"https:\/\/osepmendoza.com.ar\/web\/#organization"},"image":{"@id":"https:\/\/osepmendoza.com.ar\/web\/nuevas-autoridades-en-hospital-del-carmen\/#primaryimage"},"thumbnailUrl":"http:\/\/osepmendoza.com.ar\/web\/wp-content\/uploads\/2016\/03\/asuncion-del-carmen-chica.jpg","articleSection":["Noticias"],"inLanguage":"es"},{"@type":"WebPage","@id":"https:\/\/osepmendoza.com.ar\/web\/nuevas-autoridades-en-hospital-del-carmen\/","url":"https:\/\/osepmendoza.com.ar\/web\/nuevas-autoridades-en-hospital-del-carmen\/","name":"Nuevas autoridades en el Hospital del Carmen - OSEP Mendoza","isPartOf":{"@id":"https:\/\/osepmendoza.com.ar\/web\/#website"},"primaryImageOfPage":{"@id":"https:\/\/osepmendoza.com.ar\/web\/nuevas-autoridades-en-hospital-del-carmen\/#primaryimage"},"image":{"@id":"https:\/\/osepmendoza.com.ar\/web\/nuevas-autoridades-en-hospital-del-carmen\/#primaryimage"},"thumbnailUrl":"http:\/\/osepmendoza.com.ar\/web\/wp-content\/uploads\/2016\/03\/asuncion-del-carmen-chica.jpg","datePublished":"2016-03-11T16:49:59+00:00","dateModified":"2018-12-17T14:53:14+00:00","breadcrumb":{"@id":"https:\/\/osepmendoza.com.ar\/web\/nuevas-autoridades-en-hospital-del-carmen\/#breadcrumb"},"inLanguage":"es","potentialAction":[{"@type":"ReadAction","target":["https:\/\/osepmendoza.com.ar\/web\/nuevas-autoridades-en-hospital-del-carmen\/"]}]},{"@type":"ImageObject","inLanguage":"es","@id":"https:\/\/osepmendoza.com.ar\/web\/nuevas-autoridades-en-hospital-del-carmen\/#primaryimage","url":"http:\/\/osepmendoza.com.ar\/web\/wp-content\/uploads\/2016\/03\/asuncion-del-carmen-chica.jpg","contentUrl":"http:\/\/osepmendoza.com.ar\/web\/wp-content\/uploads\/2016\/03\/asuncion-del-carmen-chica.jpg"},{"@type":"BreadcrumbList","@id":"https:\/\/osepmendoza.com.ar\/web\/nuevas-autoridades-en-hospital-del-carmen\/#breadcrumb","itemListElement":[{"@type":"ListItem","position":1,"name":"Portada","item":"https:\/\/osepmendoza.com.ar\/web\/"},{"@type":"ListItem","position":2,"name":"Nuevas autoridades en el Hospital del Carmen"}]},{"@type":"WebSite","@id":"https:\/\/osepmendoza.com.ar\/web\/#website","url":"https:\/\/osepmendoza.com.ar\/web\/","name":"OSEP Mendoza","description":"Obra Social de los Empleados P\u00fablicos de Mendoza","publisher":{"@id":"https:\/\/osepmendoza.com.ar\/web\/#organization"},"potentialAction":[{"@type":"SearchAction","target":{"@type":"EntryPoint","urlTemplate":"https:\/\/osepmendoza.com.ar\/web\/?s={search_term_string}"},"query-input":{"@type":"PropertyValueSpecification","valueRequired":true,"valueName":"search_term_string"}}],"inLanguage":"es"},{"@type":"Organization","@id":"https:\/\/osepmendoza.com.ar\/web\/#organization","name":"OSEP - Obra Social de Empleados P\u00fablicos de Mendoza","url":"https:\/\/osepmendoza.com.ar\/web\/","logo":{"@type":"ImageObject","inLanguage":"es","@id":"https:\/\/osepmendoza.com.ar\/web\/#\/schema\/logo\/image\/","url":"https:\/\/osepmendoza.com.ar\/web\/wp-content\/uploads\/2020\/04\/lkTM9T9z.jpg","contentUrl":"https:\/\/osepmendoza.com.ar\/web\/wp-content\/uploads\/2020\/04\/lkTM9T9z.jpg","width":334,"height":334,"caption":"OSEP - Obra Social de Empleados P\u00fablicos de Mendoza"},"image":{"@id":"https:\/\/osepmendoza.com.ar\/web\/#\/schema\/logo\/image\/"},"sameAs":["https:\/\/www.facebook.com\/OSEP.MendozaArg\/","https:\/\/x.com\/OsepMza","https:\/\/www.instagram.com\/osep.mendoza\/","https:\/\/www.youtube.com\/user\/osepvideos"]},{"@type":"Person","@id":"https:\/\/osepmendoza.com.ar\/web\/#\/schema\/person\/83887fc7edc21681fe0b2c86768f1b23","name":"OSEP Mendoza","image":{"@type":"ImageObject","inLanguage":"es","@id":"https:\/\/secure.gravatar.com\/avatar\/76a21c9350b28f453948926e29bdf25d886846e443a2312407e8313fa25635e2?s=96&d=mm&r=g","url":"https:\/\/secure.gravatar.com\/avatar\/76a21c9350b28f453948926e29bdf25d886846e443a2312407e8313fa25635e2?s=96&d=mm&r=g","contentUrl":"https:\/\/secure.gravatar.com\/avatar\/76a21c9350b28f453948926e29bdf25d886846e443a2312407e8313fa25635e2?s=96&d=mm&r=g","caption":"OSEP Mendoza"},"sameAs":["http:\/\/osepmendoza.com.ar\/web"]}]}},"amp_enabled":true,"_links":{"self":[{"href":"https:\/\/osepmendoza.com.ar\/web\/wp-json\/wp\/v2\/posts\/24485","targetHints":{"allow":["GET"]}}],"collection":[{"href":"https:\/\/osepmendoza.com.ar\/web\/wp-json\/wp\/v2\/posts"}],"about":[{"href":"https:\/\/osepmendoza.com.ar\/web\/wp-json\/wp\/v2\/types\/post"}],"author":[{"embeddable":true,"href":"https:\/\/osepmendoza.com.ar\/web\/wp-json\/wp\/v2\/users\/14"}],"replies":[{"embeddable":true,"href":"https:\/\/osepmendoza.com.ar\/web\/wp-json\/wp\/v2\/comments?post=24485"}],"version-history":[{"count":1,"href":"https:\/\/osepmendoza.com.ar\/web\/wp-json\/wp\/v2\/posts\/24485\/revisions"}],"predecessor-version":[{"id":36198,"href":"https:\/\/osepmendoza.com.ar\/web\/wp-json\/wp\/v2\/posts\/24485\/revisions\/36198"}],"wp:attachment":[{"href":"https:\/\/osepmendoza.com.ar\/web\/wp-json\/wp\/v2\/media?parent=24485"}],"wp:term":[{"taxonomy":"category","embeddable":true,"href":"https:\/\/osepmendoza.com.ar\/web\/wp-json\/wp\/v2\/categories?post=24485"},{"taxonomy":"post_tag","embeddable":true,"href":"https:\/\/osepmendoza.com.ar\/web\/wp-json\/wp\/v2\/tags?post=24485"}],"curies":[{"name":"wp","href":"https:\/\/api.w.org\/{rel}","templated":true}]}}