{"id":24463,"date":"2016-03-10T20:53:59","date_gmt":"2016-03-10T20:53:59","guid":{"rendered":"http:\/\/osepmendoza.com.ar\/web\/?p=24463"},"modified":"2018-12-17T11:53:14","modified_gmt":"2018-12-17T14:53:14","slug":"nuevas-autoridades-en-hospital-pediatrico-fleming","status":"publish","type":"post","link":"https:\/\/osepmendoza.com.ar\/web\/nuevas-autoridades-en-hospital-pediatrico-fleming\/","title":{"rendered":"Nuevas autoridades en Hospital Pedi\u00e1trico Fleming"},"content":{"rendered":"<p>Nuevas autoridades en el Hospital Fleming<\/p>\n<p>El Director General de OSEP, Sergio Vergara, puso en funciones a los nuevos directivos del Hospital Pedi\u00e1trico. El nuevo Director, Alfredo Juli\u00e1n, la Directora Asistencial, M\u00f3nica P\u00e9rez Laborda \u00a0y la Coordinadora Asistencial de los Consultorios Externos, Angelina Russo, son parte del equipo de trabajo elegido para dirigir el Hospital de ni\u00f1os.<span class=\"Apple-converted-space\">\u00a0<\/span><\/p>\n<p>\u201cTransformar al Fleming en el segundo Hospital Pedi\u00e1trico de la Provincia es uno de nuestros objetivos principales. Tambi\u00e9n queremos mejorar el clima, desarrollo de la organizaci\u00f3n y con el compromiso de los diferentes profesionales, brindar un servicio de calidad en salud a los ni\u00f1os de nuestra obra social, a lo largo de la provincia\u201d- destaca Alfredo Juli\u00e1n.<\/p>\n<p>En concordancia con cada asunci\u00f3n, el Director de la Obra Social, Sergio Vergara, manifest\u00f3 su apoyo incondicional a los responsables del nosocomio y los invit\u00f3 a sumarse al desaf\u00edo de salir de la crisis que acarrea la obra social mediante el trabajo en conjunto y cotidiano.<span class=\"Apple-converted-space\">\u00a0<\/span><\/p>\n<p>Recalc\u00f3 que la meta de los directivos y su equipo de trabajo, tienen como desaf\u00edo el bienestar de todos los que forman parte de esa instituci\u00f3n.<\/p>\n<p>&nbsp;<\/p>\n","protected":false},"excerpt":{"rendered":"<p>Nuevas autoridades en el Hospital Fleming El Director General de&#8230;<\/p>\n","protected":false},"author":14,"featured_media":0,"comment_status":"closed","ping_status":"closed","sticky":false,"template":"","format":"standard","meta":{"_acf_changed":false,"inline_featured_image":false,"_exactmetrics_skip_tracking":false,"_exactmetrics_sitenote_active":false,"_exactmetrics_sitenote_note":"","_exactmetrics_sitenote_category":0,"footnotes":"","_links_to":"","_links_to_target":""},"categories":[101],"tags":[],"class_list":["post-24463","post","type-post","status-publish","format-standard","hentry","category-noticias"],"acf":[],"yoast_head":"<!-- This site is optimized with the Yoast SEO plugin v27.5 - https:\/\/yoast.com\/product\/yoast-seo-wordpress\/ -->\n<title>Nuevas autoridades en Hospital Pedi\u00e1trico Fleming - OSEP Mendoza<\/title>\n<meta name=\"robots\" content=\"index, follow, max-snippet:-1, max-image-preview:large, max-video-preview:-1\" \/>\n<link rel=\"canonical\" href=\"https:\/\/osepmendoza.com.ar\/web\/nuevas-autoridades-en-hospital-pediatrico-fleming\/\" \/>\n<meta property=\"og:locale\" content=\"es_ES\" \/>\n<meta property=\"og:type\" content=\"article\" \/>\n<meta property=\"og:title\" content=\"Nuevas autoridades en Hospital Pedi\u00e1trico Fleming - OSEP Mendoza\" \/>\n<meta property=\"og:description\" content=\"Nuevas autoridades en el Hospital Fleming El Director General de...\" \/>\n<meta property=\"og:url\" content=\"https:\/\/osepmendoza.com.ar\/web\/nuevas-autoridades-en-hospital-pediatrico-fleming\/\" \/>\n<meta property=\"og:site_name\" content=\"OSEP Mendoza\" \/>\n<meta property=\"article:publisher\" content=\"https:\/\/www.facebook.com\/OSEP.MendozaArg\/\" \/>\n<meta property=\"article:published_time\" content=\"2016-03-10T20:53:59+00:00\" \/>\n<meta property=\"article:modified_time\" content=\"2018-12-17T14:53:14+00:00\" \/>\n<meta name=\"author\" content=\"OSEP Mendoza\" \/>\n<meta name=\"twitter:card\" content=\"summary_large_image\" \/>\n<meta name=\"twitter:creator\" content=\"@OsepMza\" \/>\n<meta name=\"twitter:site\" content=\"@OsepMza\" \/>\n<meta name=\"twitter:label1\" content=\"Escrito por\" \/>\n\t<meta name=\"twitter:data1\" content=\"OSEP Mendoza\" \/>\n\t<meta name=\"twitter:label2\" content=\"Tiempo de lectura\" \/>\n\t<meta name=\"twitter:data2\" content=\"1 minuto\" \/>\n<script type=\"application\/ld+json\" class=\"yoast-schema-graph\">{\"@context\":\"https:\\\/\\\/schema.org\",\"@graph\":[{\"@type\":\"Article\",\"@id\":\"https:\\\/\\\/osepmendoza.com.ar\\\/web\\\/nuevas-autoridades-en-hospital-pediatrico-fleming\\\/#article\",\"isPartOf\":{\"@id\":\"https:\\\/\\\/osepmendoza.com.ar\\\/web\\\/nuevas-autoridades-en-hospital-pediatrico-fleming\\\/\"},\"author\":{\"name\":\"OSEP Mendoza\",\"@id\":\"https:\\\/\\\/osepmendoza.com.ar\\\/web\\\/#\\\/schema\\\/person\\\/83887fc7edc21681fe0b2c86768f1b23\"},\"headline\":\"Nuevas autoridades en Hospital Pedi\u00e1trico Fleming\",\"datePublished\":\"2016-03-10T20:53:59+00:00\",\"dateModified\":\"2018-12-17T14:53:14+00:00\",\"mainEntityOfPage\":{\"@id\":\"https:\\\/\\\/osepmendoza.com.ar\\\/web\\\/nuevas-autoridades-en-hospital-pediatrico-fleming\\\/\"},\"wordCount\":209,\"publisher\":{\"@id\":\"https:\\\/\\\/osepmendoza.com.ar\\\/web\\\/#organization\"},\"articleSection\":[\"Noticias\"],\"inLanguage\":\"es\"},{\"@type\":\"WebPage\",\"@id\":\"https:\\\/\\\/osepmendoza.com.ar\\\/web\\\/nuevas-autoridades-en-hospital-pediatrico-fleming\\\/\",\"url\":\"https:\\\/\\\/osepmendoza.com.ar\\\/web\\\/nuevas-autoridades-en-hospital-pediatrico-fleming\\\/\",\"name\":\"Nuevas autoridades en Hospital Pedi\u00e1trico Fleming - OSEP Mendoza\",\"isPartOf\":{\"@id\":\"https:\\\/\\\/osepmendoza.com.ar\\\/web\\\/#website\"},\"datePublished\":\"2016-03-10T20:53:59+00:00\",\"dateModified\":\"2018-12-17T14:53:14+00:00\",\"breadcrumb\":{\"@id\":\"https:\\\/\\\/osepmendoza.com.ar\\\/web\\\/nuevas-autoridades-en-hospital-pediatrico-fleming\\\/#breadcrumb\"},\"inLanguage\":\"es\",\"potentialAction\":[{\"@type\":\"ReadAction\",\"target\":[\"https:\\\/\\\/osepmendoza.com.ar\\\/web\\\/nuevas-autoridades-en-hospital-pediatrico-fleming\\\/\"]}]},{\"@type\":\"BreadcrumbList\",\"@id\":\"https:\\\/\\\/osepmendoza.com.ar\\\/web\\\/nuevas-autoridades-en-hospital-pediatrico-fleming\\\/#breadcrumb\",\"itemListElement\":[{\"@type\":\"ListItem\",\"position\":1,\"name\":\"Portada\",\"item\":\"https:\\\/\\\/osepmendoza.com.ar\\\/web\\\/\"},{\"@type\":\"ListItem\",\"position\":2,\"name\":\"Nuevas autoridades en Hospital Pedi\u00e1trico Fleming\"}]},{\"@type\":\"WebSite\",\"@id\":\"https:\\\/\\\/osepmendoza.com.ar\\\/web\\\/#website\",\"url\":\"https:\\\/\\\/osepmendoza.com.ar\\\/web\\\/\",\"name\":\"OSEP Mendoza\",\"description\":\"Obra Social de los Empleados P\u00fablicos de Mendoza\",\"publisher\":{\"@id\":\"https:\\\/\\\/osepmendoza.com.ar\\\/web\\\/#organization\"},\"potentialAction\":[{\"@type\":\"SearchAction\",\"target\":{\"@type\":\"EntryPoint\",\"urlTemplate\":\"https:\\\/\\\/osepmendoza.com.ar\\\/web\\\/?s={search_term_string}\"},\"query-input\":{\"@type\":\"PropertyValueSpecification\",\"valueRequired\":true,\"valueName\":\"search_term_string\"}}],\"inLanguage\":\"es\"},{\"@type\":\"Organization\",\"@id\":\"https:\\\/\\\/osepmendoza.com.ar\\\/web\\\/#organization\",\"name\":\"OSEP - Obra Social de Empleados P\u00fablicos de Mendoza\",\"url\":\"https:\\\/\\\/osepmendoza.com.ar\\\/web\\\/\",\"logo\":{\"@type\":\"ImageObject\",\"inLanguage\":\"es\",\"@id\":\"https:\\\/\\\/osepmendoza.com.ar\\\/web\\\/#\\\/schema\\\/logo\\\/image\\\/\",\"url\":\"https:\\\/\\\/osepmendoza.com.ar\\\/web\\\/wp-content\\\/uploads\\\/2020\\\/04\\\/lkTM9T9z.jpg\",\"contentUrl\":\"https:\\\/\\\/osepmendoza.com.ar\\\/web\\\/wp-content\\\/uploads\\\/2020\\\/04\\\/lkTM9T9z.jpg\",\"width\":334,\"height\":334,\"caption\":\"OSEP - Obra Social de Empleados P\u00fablicos de Mendoza\"},\"image\":{\"@id\":\"https:\\\/\\\/osepmendoza.com.ar\\\/web\\\/#\\\/schema\\\/logo\\\/image\\\/\"},\"sameAs\":[\"https:\\\/\\\/www.facebook.com\\\/OSEP.MendozaArg\\\/\",\"https:\\\/\\\/x.com\\\/OsepMza\",\"https:\\\/\\\/www.instagram.com\\\/osep.mendoza\\\/\",\"https:\\\/\\\/www.youtube.com\\\/user\\\/osepvideos\"]},{\"@type\":\"Person\",\"@id\":\"https:\\\/\\\/osepmendoza.com.ar\\\/web\\\/#\\\/schema\\\/person\\\/83887fc7edc21681fe0b2c86768f1b23\",\"name\":\"OSEP Mendoza\",\"image\":{\"@type\":\"ImageObject\",\"inLanguage\":\"es\",\"@id\":\"https:\\\/\\\/secure.gravatar.com\\\/avatar\\\/76a21c9350b28f453948926e29bdf25d886846e443a2312407e8313fa25635e2?s=96&d=mm&r=g\",\"url\":\"https:\\\/\\\/secure.gravatar.com\\\/avatar\\\/76a21c9350b28f453948926e29bdf25d886846e443a2312407e8313fa25635e2?s=96&d=mm&r=g\",\"contentUrl\":\"https:\\\/\\\/secure.gravatar.com\\\/avatar\\\/76a21c9350b28f453948926e29bdf25d886846e443a2312407e8313fa25635e2?s=96&d=mm&r=g\",\"caption\":\"OSEP Mendoza\"},\"sameAs\":[\"http:\\\/\\\/osepmendoza.com.ar\\\/web\"]}]}<\/script>\n<!-- \/ Yoast SEO plugin. -->","yoast_head_json":{"title":"Nuevas autoridades en Hospital Pedi\u00e1trico Fleming - OSEP Mendoza","robots":{"index":"index","follow":"follow","max-snippet":"max-snippet:-1","max-image-preview":"max-image-preview:large","max-video-preview":"max-video-preview:-1"},"canonical":"https:\/\/osepmendoza.com.ar\/web\/nuevas-autoridades-en-hospital-pediatrico-fleming\/","og_locale":"es_ES","og_type":"article","og_title":"Nuevas autoridades en Hospital Pedi\u00e1trico Fleming - OSEP Mendoza","og_description":"Nuevas autoridades en el Hospital Fleming El Director General de...","og_url":"https:\/\/osepmendoza.com.ar\/web\/nuevas-autoridades-en-hospital-pediatrico-fleming\/","og_site_name":"OSEP Mendoza","article_publisher":"https:\/\/www.facebook.com\/OSEP.MendozaArg\/","article_published_time":"2016-03-10T20:53:59+00:00","article_modified_time":"2018-12-17T14:53:14+00:00","author":"OSEP Mendoza","twitter_card":"summary_large_image","twitter_creator":"@OsepMza","twitter_site":"@OsepMza","twitter_misc":{"Escrito por":"OSEP Mendoza","Tiempo de lectura":"1 minuto"},"schema":{"@context":"https:\/\/schema.org","@graph":[{"@type":"Article","@id":"https:\/\/osepmendoza.com.ar\/web\/nuevas-autoridades-en-hospital-pediatrico-fleming\/#article","isPartOf":{"@id":"https:\/\/osepmendoza.com.ar\/web\/nuevas-autoridades-en-hospital-pediatrico-fleming\/"},"author":{"name":"OSEP Mendoza","@id":"https:\/\/osepmendoza.com.ar\/web\/#\/schema\/person\/83887fc7edc21681fe0b2c86768f1b23"},"headline":"Nuevas autoridades en Hospital Pedi\u00e1trico Fleming","datePublished":"2016-03-10T20:53:59+00:00","dateModified":"2018-12-17T14:53:14+00:00","mainEntityOfPage":{"@id":"https:\/\/osepmendoza.com.ar\/web\/nuevas-autoridades-en-hospital-pediatrico-fleming\/"},"wordCount":209,"publisher":{"@id":"https:\/\/osepmendoza.com.ar\/web\/#organization"},"articleSection":["Noticias"],"inLanguage":"es"},{"@type":"WebPage","@id":"https:\/\/osepmendoza.com.ar\/web\/nuevas-autoridades-en-hospital-pediatrico-fleming\/","url":"https:\/\/osepmendoza.com.ar\/web\/nuevas-autoridades-en-hospital-pediatrico-fleming\/","name":"Nuevas autoridades en Hospital Pedi\u00e1trico Fleming - OSEP Mendoza","isPartOf":{"@id":"https:\/\/osepmendoza.com.ar\/web\/#website"},"datePublished":"2016-03-10T20:53:59+00:00","dateModified":"2018-12-17T14:53:14+00:00","breadcrumb":{"@id":"https:\/\/osepmendoza.com.ar\/web\/nuevas-autoridades-en-hospital-pediatrico-fleming\/#breadcrumb"},"inLanguage":"es","potentialAction":[{"@type":"ReadAction","target":["https:\/\/osepmendoza.com.ar\/web\/nuevas-autoridades-en-hospital-pediatrico-fleming\/"]}]},{"@type":"BreadcrumbList","@id":"https:\/\/osepmendoza.com.ar\/web\/nuevas-autoridades-en-hospital-pediatrico-fleming\/#breadcrumb","itemListElement":[{"@type":"ListItem","position":1,"name":"Portada","item":"https:\/\/osepmendoza.com.ar\/web\/"},{"@type":"ListItem","position":2,"name":"Nuevas autoridades en Hospital Pedi\u00e1trico Fleming"}]},{"@type":"WebSite","@id":"https:\/\/osepmendoza.com.ar\/web\/#website","url":"https:\/\/osepmendoza.com.ar\/web\/","name":"OSEP Mendoza","description":"Obra Social de los Empleados P\u00fablicos de Mendoza","publisher":{"@id":"https:\/\/osepmendoza.com.ar\/web\/#organization"},"potentialAction":[{"@type":"SearchAction","target":{"@type":"EntryPoint","urlTemplate":"https:\/\/osepmendoza.com.ar\/web\/?s={search_term_string}"},"query-input":{"@type":"PropertyValueSpecification","valueRequired":true,"valueName":"search_term_string"}}],"inLanguage":"es"},{"@type":"Organization","@id":"https:\/\/osepmendoza.com.ar\/web\/#organization","name":"OSEP - Obra Social de Empleados P\u00fablicos de Mendoza","url":"https:\/\/osepmendoza.com.ar\/web\/","logo":{"@type":"ImageObject","inLanguage":"es","@id":"https:\/\/osepmendoza.com.ar\/web\/#\/schema\/logo\/image\/","url":"https:\/\/osepmendoza.com.ar\/web\/wp-content\/uploads\/2020\/04\/lkTM9T9z.jpg","contentUrl":"https:\/\/osepmendoza.com.ar\/web\/wp-content\/uploads\/2020\/04\/lkTM9T9z.jpg","width":334,"height":334,"caption":"OSEP - Obra Social de Empleados P\u00fablicos de Mendoza"},"image":{"@id":"https:\/\/osepmendoza.com.ar\/web\/#\/schema\/logo\/image\/"},"sameAs":["https:\/\/www.facebook.com\/OSEP.MendozaArg\/","https:\/\/x.com\/OsepMza","https:\/\/www.instagram.com\/osep.mendoza\/","https:\/\/www.youtube.com\/user\/osepvideos"]},{"@type":"Person","@id":"https:\/\/osepmendoza.com.ar\/web\/#\/schema\/person\/83887fc7edc21681fe0b2c86768f1b23","name":"OSEP Mendoza","image":{"@type":"ImageObject","inLanguage":"es","@id":"https:\/\/secure.gravatar.com\/avatar\/76a21c9350b28f453948926e29bdf25d886846e443a2312407e8313fa25635e2?s=96&d=mm&r=g","url":"https:\/\/secure.gravatar.com\/avatar\/76a21c9350b28f453948926e29bdf25d886846e443a2312407e8313fa25635e2?s=96&d=mm&r=g","contentUrl":"https:\/\/secure.gravatar.com\/avatar\/76a21c9350b28f453948926e29bdf25d886846e443a2312407e8313fa25635e2?s=96&d=mm&r=g","caption":"OSEP Mendoza"},"sameAs":["http:\/\/osepmendoza.com.ar\/web"]}]}},"amp_enabled":true,"_links":{"self":[{"href":"https:\/\/osepmendoza.com.ar\/web\/wp-json\/wp\/v2\/posts\/24463","targetHints":{"allow":["GET"]}}],"collection":[{"href":"https:\/\/osepmendoza.com.ar\/web\/wp-json\/wp\/v2\/posts"}],"about":[{"href":"https:\/\/osepmendoza.com.ar\/web\/wp-json\/wp\/v2\/types\/post"}],"author":[{"embeddable":true,"href":"https:\/\/osepmendoza.com.ar\/web\/wp-json\/wp\/v2\/users\/14"}],"replies":[{"embeddable":true,"href":"https:\/\/osepmendoza.com.ar\/web\/wp-json\/wp\/v2\/comments?post=24463"}],"version-history":[{"count":1,"href":"https:\/\/osepmendoza.com.ar\/web\/wp-json\/wp\/v2\/posts\/24463\/revisions"}],"predecessor-version":[{"id":36199,"href":"https:\/\/osepmendoza.com.ar\/web\/wp-json\/wp\/v2\/posts\/24463\/revisions\/36199"}],"wp:attachment":[{"href":"https:\/\/osepmendoza.com.ar\/web\/wp-json\/wp\/v2\/media?parent=24463"}],"wp:term":[{"taxonomy":"category","embeddable":true,"href":"https:\/\/osepmendoza.com.ar\/web\/wp-json\/wp\/v2\/categories?post=24463"},{"taxonomy":"post_tag","embeddable":true,"href":"https:\/\/osepmendoza.com.ar\/web\/wp-json\/wp\/v2\/tags?post=24463"}],"curies":[{"name":"wp","href":"https:\/\/api.w.org\/{rel}","templated":true}]}}